{"id":6905,"date":"2026-01-23T17:28:50","date_gmt":"2026-01-23T16:28:50","guid":{"rendered":"https:\/\/christianendres.de\/?p=6905"},"modified":"2026-01-24T11:08:12","modified_gmt":"2026-01-24T10:08:12","slug":"erschienen-die-jubelnummer-phantastisch-100-mit-meiner-story-das-dschinn-desaster-im-neuen-verlag","status":"publish","type":"post","link":"https:\/\/christianendres.de\/?p=6905","title":{"rendered":"Erschienen: Die Jubelnummer phantastisch! 100 mit meiner Story \u00bbDas Dschinn-Desaster\u00ab im neuen Verlag"},"content":{"rendered":"<div class=\"wp-block-image\">\n<figure class=\"alignright size-full is-resized\"><a href=\"https:\/\/christianendres.de\/wp-content\/uploads\/2026\/01\/p100_cvr.jpg\"><img loading=\"lazy\" src=\"https:\/\/christianendres.de\/wp-content\/uploads\/2026\/01\/p100_cvr.jpg\" alt=\"\" class=\"wp-image-6906\" width=\"198\" height=\"280\" srcset=\"https:\/\/christianendres.de\/wp-content\/uploads\/2026\/01\/p100_cvr.jpg 260w, https:\/\/christianendres.de\/wp-content\/uploads\/2026\/01\/p100_cvr-212x300.jpg 212w\" sizes=\"(max-width: 198px) 100vw, 198px\" \/><\/a><\/figure><\/div>\n\n\n<p>Nach einigem Geknirsche beim Verlagswechsel, erscheint Ende Januar nun die erste Ausgabe des Sekund\u00e4r-Magazins<a rel=\"noreferrer noopener\" href=\"https:\/\/www.phantastisch.net\" target=\"_blank\"> phantastisch!<\/a> im neuen Verlag Calliope Media GmbH. Gedruckte Exemplare zirkulieren bereits, offizieller EVT ist dann am 30. des Monats.<\/p>\n\n\n\n<p>Das traditionsreiche Genre-Magazin kommt fortan in der Nachbarschaft des <a rel=\"noreferrer noopener\" href=\"https:\/\/www.sandra-thoms.de\/person\/\" target=\"_blank\">fantastischen Buchladens<\/a> sowie der Satire-Zeitschrift <a rel=\"noreferrer noopener\" href=\"https:\/\/www.titanic-magazin.de\/index.php?id=index\" target=\"_blank\">Titanic<\/a> von Herausgeberin Sandra Thoms heraus. Dazu gibt es einen neuen <a rel=\"noreferrer noopener\" href=\"https:\/\/www.phantastisch.net\/das-portal-der-gilde\/\" target=\"_blank\">Web-Auftritt<\/a>. <\/p>\n\n\n\n<p>Mit der ersten Nummer bei Caliope feiert die <em>phantastisch!<\/em> von Chefredakteur Klaus Bollh\u00f6fener au\u00dferdem die stolze <a rel=\"noreferrer noopener\" href=\"https:\/\/www.phantastisch.net\/das-portal-der-gilde\/\" target=\"_blank\">100. Ausgabe<\/a> \ud83e\udd73<\/p>\n\n\n\n<p>Von mir stammt im gro\u00dfen bunten Jubelheft die Kurzgeschichte <a rel=\"noreferrer noopener\" href=\"https:\/\/www.phantastisch.net\/2026\/01\/23\/das-dschinn-desaster-eine-story-von-christian-endres\/\" target=\"_blank\">\u00bbDas Dschinn-Desaster\u00ab<\/a>. <\/p>\n\n\n\n<p>Auf den ersten Blick eine Fantasy-Story voller Flaschengeister und mit einem Setting wie aus <em>tausendundeiner Nacht<\/em> \u2013&nbsp;auf den zweiten Blick dann aber, wie ich hoffe, eben auch eine zeitgeist-kritische Parabel auf KI, also k\u00fcnstliche Intelligenz und deren Vormarsch in allen Bereichen unseres Lebens.<\/p>\n\n\n\n<p>Geschrieben habe ich die Story im November 2024, h\u00f6chstwahrscheinlich ist sie jetzt noch ein ganzes St\u00fcck aktueller, so rasant, wie KI alles ver\u00e4ndert, und das nicht \u00fcberwiegend zum Guten.<\/p>\n\n\n\n<p>So viel zu \u00bbDas Dschinn-Desaster\u00ab.<\/p>\n\n\n\n<p>Obendrein warten in der Ausgabe 100 hinter dem Titelbild von Thomas Thiemeyer wie immer massig Artikel und Interviews, etwa zum Comic-Comeback von Captain Future, Frederik Pohl, aktuellen Genre-Jugendb\u00fcchern oder Konzeptk\u00fcnstler Oliver Scholl. <\/p>\n\n\n\n<p>Dazu gibt es einen neuen <em>Ein seltsamer Tag<\/em>-Comicstrip von Olaf Brill &amp; Michael Vogt sowie noch eine Kurzgeschichte von Michael Marrak.<\/p>\n\n\n\n<p>Wichtig ist auch noch dieser Hinweis zur ersten Ausgabe beim neuen Verlag: Leider konnten die Abo-Daten nicht von Atlantis zu Calliope mitgenommen werden. Die <strong>p!<\/strong> startet dort also unter erschwerten Bedingungen zum Jubil\u00e4um. Es w\u00e4re daher toll, wenn ihr wieder \u2013 oder erstmals, klar \u2013 ein <a rel=\"noreferrer noopener\" href=\"https:\/\/www.phantastisch.net\/abonnieren\/\" target=\"_blank\">Abo abschlie\u00dfen<\/a> k\u00f6nntet, damit Auflage und Reichweite bald wieder hergestellt sind&#8230;<\/p>\n\n\n\n<figure class=\"wp-block-image size-full\"><a href=\"https:\/\/christianendres.de\/wp-content\/uploads\/2026\/01\/p100_story_endres_dschinn_desaster.jpg\" target=\"_blank\" rel=\"noreferrer noopener\"><img loading=\"lazy\" width=\"700\" height=\"441\" src=\"https:\/\/christianendres.de\/wp-content\/uploads\/2026\/01\/p100_story_endres_dschinn_desaster.jpg\" alt=\"\" class=\"wp-image-6907\" srcset=\"https:\/\/christianendres.de\/wp-content\/uploads\/2026\/01\/p100_story_endres_dschinn_desaster.jpg 700w, https:\/\/christianendres.de\/wp-content\/uploads\/2026\/01\/p100_story_endres_dschinn_desaster-300x189.jpg 300w\" sizes=\"(max-width: 700px) 100vw, 700px\" \/><\/a><\/figure>\n","protected":false},"excerpt":{"rendered":"<div class=\"mh-excerpt\"><p>Nach einigem Geknirsche beim Verlagswechsel, erscheint Ende Januar nun die erste Ausgabe des Sekund\u00e4r-Magazins phantastisch! im neuen Verlag Calliope Media GmbH. Gedruckte Exemplare zirkulieren bereits, offizieller EVT ist dann am 30. des Monats. Das traditionsreiche <a class=\"mh-excerpt-more\" href=\"https:\/\/christianendres.de\/?p=6905\" title=\"Erschienen: Die Jubelnummer phantastisch! 100 mit meiner Story \u00bbDas Dschinn-Desaster\u00ab im neuen Verlag\">[&#8230;]<\/a><\/p>\n<\/div>","protected":false},"author":1,"featured_media":6909,"comment_status":"closed","ping_status":"open","sticky":false,"template":"","format":"standard","meta":[],"categories":[29,84,5,103,36,145],"tags":[2017,2018,2020,2016,715,2014,1160,2012,2010,2011,92,2019,456,458,98,611,2013,2015,773,160,97,536],"_links":{"self":[{"href":"https:\/\/christianendres.de\/index.php?rest_route=\/wp\/v2\/posts\/6905"}],"collection":[{"href":"https:\/\/christianendres.de\/index.php?rest_route=\/wp\/v2\/posts"}],"about":[{"href":"https:\/\/christianendres.de\/index.php?rest_route=\/wp\/v2\/types\/post"}],"author":[{"embeddable":true,"href":"https:\/\/christianendres.de\/index.php?rest_route=\/wp\/v2\/users\/1"}],"replies":[{"embeddable":true,"href":"https:\/\/christianendres.de\/index.php?rest_route=%2Fwp%2Fv2%2Fcomments&post=6905"}],"version-history":[{"count":17,"href":"https:\/\/christianendres.de\/index.php?rest_route=\/wp\/v2\/posts\/6905\/revisions"}],"predecessor-version":[{"id":6926,"href":"https:\/\/christianendres.de\/index.php?rest_route=\/wp\/v2\/posts\/6905\/revisions\/6926"}],"wp:featuredmedia":[{"embeddable":true,"href":"https:\/\/christianendres.de\/index.php?rest_route=\/wp\/v2\/media\/6909"}],"wp:attachment":[{"href":"https:\/\/christianendres.de\/index.php?rest_route=%2Fwp%2Fv2%2Fmedia&parent=6905"}],"wp:term":[{"taxonomy":"category","embeddable":true,"href":"https:\/\/christianendres.de\/index.php?rest_route=%2Fwp%2Fv2%2Fcategories&post=6905"},{"taxonomy":"post_tag","embeddable":true,"href":"https:\/\/christianendres.de\/index.php?rest_route=%2Fwp%2Fv2%2Ftags&post=6905"}],"curies":[{"name":"wp","href":"https:\/\/api.w.org\/{rel}","templated":true}]}}