{"id":675,"date":"2016-12-03T15:16:07","date_gmt":"2016-12-03T14:16:07","guid":{"rendered":"http:\/\/christianendres.com\/?p=675"},"modified":"2022-06-19T11:50:03","modified_gmt":"2022-06-19T09:50:03","slug":"manuele-fior-dorsay-variationen","status":"publish","type":"post","link":"https:\/\/christianendres.de\/?p=675","title":{"rendered":"Manuele Fior: d`Orsay-Variationen"},"content":{"rendered":"<figure id=\"attachment_677\" aria-describedby=\"caption-attachment-677\" style=\"width: 186px\" class=\"wp-caption alignright\"><a href=\"https:\/\/christianendres.de\/wp-content\/uploads\/2016\/11\/fior-dorsay.jpg\"><img loading=\"lazy\" class=\"size-full wp-image-677\" src=\"https:\/\/christianendres.de\/wp-content\/uploads\/2016\/11\/fior-dorsay.jpg\" alt=\"Manuele Fior: d`Orsay-Variationen, Avant 2016\" width=\"186\" height=\"250\"><\/a><figcaption id=\"caption-attachment-677\" class=\"wp-caption-text\">d`Orsay-Variationen, Avant 2016<\/figcaption><\/figure>\n<p>Sp\u00e4testens seit seinem \u00fcberzeugenden&nbsp;Science-Fiction-Comic \u00bbDie \u00dcbertragung\u00ab&nbsp;muss man den Italiener Manuele Fior, der lange in Berlin wohnte und inzwischen in Paris lebt und arbeitet, auf dem Zettel haben.<\/p>\n<p>In seinem neuesten Comic-Album&nbsp;\u00bb<a href=\"http:\/\/www.avant-verlag.de\/comic\/d_orsay_variationen\" target=\"_blank\" rel=\"noopener\">d`Orsay-Variationen<\/a>\u00ab setzt der vielseitige K\u00fcnstler dem Impressionismus und dem&nbsp;Pariser Museum f\u00fcr Impressionistische Malerei ein Denkmal. Seine Panel-Geschichte&nbsp;\u00fcberwindet die Grenzen von&nbsp;Gegenwart und Vergangenheit ebenso m\u00fchelos wie die von&nbsp;Wirklichkeit und Traum \u2013 und kommt so ironischerweise immer mal ganz sch\u00f6n surrealistisch daher, was die gegenw\u00e4rtige Museums-Rahmenhandlung zwischen den historischen Episoden aus der zweiten H\u00e4lfte des 19. Jahrhunderts&nbsp;angeht.<\/p>\n<p>Dabei erkl\u00e4rt der 1975 geborene Fior nichts und niemanden, und vermutlich h\u00e4tte dem Album ein Anhang mit ein paar zus\u00e4tzlichen Fakten zu den Protagonisten keineswegs&nbsp;geschadet. Dennoch&nbsp;l\u00e4sst der italienische Wandervogel&nbsp;die gro\u00dfen Namen des Impressionismus \u2013 der Kunst und der Kunstgeschichte, wenn man so m\u00f6chte \u2013 und einen der wichtigsten Ausstellungsorte dieser malerischen Str\u00f6mung auf vielerlei Art und Weise lebendig werden. Noch wichtiger, er l\u00e4sst sie <em>interessant<\/em> werden, und zwar v\u00f6llig unabh\u00e4ngig davon, was man nun \u00fcber Degas,&nbsp;Renoir und Co. wei\u00df, oder eben nicht.<\/p>\n<p>Und das ist ohne jeden Zweifel eine Kunst f\u00fcr sich.<\/p>\n<p>&nbsp;<\/p>\n","protected":false},"excerpt":{"rendered":"<div class=\"mh-excerpt\"><p>Sp\u00e4testens seit seinem \u00fcberzeugenden&nbsp;Science-Fiction-Comic \u00bbDie \u00dcbertragung\u00ab&nbsp;muss man den Italiener Manuele Fior, der lange in Berlin wohnte und inzwischen in Paris lebt und arbeitet, auf dem Zettel haben. In seinem neuesten Comic-Album&nbsp;\u00bbd`Orsay-Variationen\u00ab setzt der vielseitige K\u00fcnstler <a class=\"mh-excerpt-more\" href=\"https:\/\/christianendres.de\/?p=675\" title=\"Manuele Fior: d`Orsay-Variationen\">[&#8230;]<\/a><\/p>\n<\/div>","protected":false},"author":1,"featured_media":0,"comment_status":"open","ping_status":"open","sticky":false,"template":"","format":"standard","meta":[],"categories":[9,6,10],"tags":[],"_links":{"self":[{"href":"https:\/\/christianendres.de\/index.php?rest_route=\/wp\/v2\/posts\/675"}],"collection":[{"href":"https:\/\/christianendres.de\/index.php?rest_route=\/wp\/v2\/posts"}],"about":[{"href":"https:\/\/christianendres.de\/index.php?rest_route=\/wp\/v2\/types\/post"}],"author":[{"embeddable":true,"href":"https:\/\/christianendres.de\/index.php?rest_route=\/wp\/v2\/users\/1"}],"replies":[{"embeddable":true,"href":"https:\/\/christianendres.de\/index.php?rest_route=%2Fwp%2Fv2%2Fcomments&post=675"}],"version-history":[{"count":18,"href":"https:\/\/christianendres.de\/index.php?rest_route=\/wp\/v2\/posts\/675\/revisions"}],"predecessor-version":[{"id":3600,"href":"https:\/\/christianendres.de\/index.php?rest_route=\/wp\/v2\/posts\/675\/revisions\/3600"}],"wp:attachment":[{"href":"https:\/\/christianendres.de\/index.php?rest_route=%2Fwp%2Fv2%2Fmedia&parent=675"}],"wp:term":[{"taxonomy":"category","embeddable":true,"href":"https:\/\/christianendres.de\/index.php?rest_route=%2Fwp%2Fv2%2Fcategories&post=675"},{"taxonomy":"post_tag","embeddable":true,"href":"https:\/\/christianendres.de\/index.php?rest_route=%2Fwp%2Fv2%2Ftags&post=675"}],"curies":[{"name":"wp","href":"https:\/\/api.w.org\/{rel}","templated":true}]}}