{"id":6068,"date":"2024-05-29T11:36:01","date_gmt":"2024-05-29T09:36:01","guid":{"rendered":"https:\/\/christianendres.de\/?p=6068"},"modified":"2024-05-29T13:57:45","modified_gmt":"2024-05-29T11:57:45","slug":"aus-wuerzburg-in-die-wolfszone-in-der-heutigen-ausgabe-der-main-post-ist-ein-interview-mit-mir-ueber-woelfe-inspiration-in-mainfranken-und-mehr","status":"publish","type":"post","link":"https:\/\/christianendres.de\/?p=6068","title":{"rendered":"Aus W\u00fcrzburg in die Wolfszone: In der heutigen Ausgabe der Main-Post ist ein Interview mit mir, \u00fcber W\u00f6lfe, Inspiration in Mainfranken und mehr"},"content":{"rendered":"\n<p>Die Zeitung f\u00fcr W\u00fcrzburg und Mainfranken wird heute zur Wolfszone \u2026 \ud83d\udc3a<\/p>\n\n\n\n<p>In der heutigen Ausgabe der <a href=\"https:\/\/www.mainpost.de\/\" target=\"_blank\" rel=\"noreferrer noopener\">Main-Post<\/a> ist ein <a href=\"https:\/\/www.mainpost.de\/regional\/wuerzburg\/vom-unterfraenkischen-wolf-zur-cyborg-bestie-wie-ein-wuerzburger-autor-seine-heimat-in-die-zukunft-transportiert-art-11511509\" target=\"_blank\" rel=\"noreferrer noopener\">Interview mit mir<\/a> zu meinem Roman <a href=\"https:\/\/www.penguin.de\/Buch\/Wolfszone\/Christian-Endres\/Heyne\/e624629.rhd\" target=\"_blank\" rel=\"noreferrer noopener\">\u00bbWolfszone\u00ab<\/a> abgedruckt \ud83d\ude2e\ud83d\ude0a<\/p>\n\n\n\n<p>Was nur Sinn ergibt, denn die Artikel in der Main-Post von 2018\/2019, \u00fcber den auch nach Unterfranken gekommenen Wolf, inspirierten meine Science-Fiction-Kurzgeschichte f\u00fcr \u00bbSpektrum der Wissenschaft\u00ab \u2013 aus der am Ende \u00bbWolfszone\u00ab hervorgegangen ist. \ud83e\uddd0<\/p>\n\n\n\n<p>Au\u00dferdem war es auch f\u00fcr mich w\u00e4hrend des Gespr\u00e4chs \u2013\u00a0sozusagen in der Reflexion \u2013\u00a0sehr interessant, wie meine unterfr\u00e4nkische Heimat (das eine oder andere Dorf, der eine oder andere Waldbesuch) \u00bbWolfszone\u00ab trotz Setting in Berlin\/Brandenburg gespeist hat. <\/p>\n\n\n\n<p>Noch mal ein gro\u00dfes Dankesch\u00f6n an MP-Reporter <a rel=\"noreferrer noopener\" href=\"https:\/\/www.instagram.com\/nyraqula\" target=\"_blank\">Simon H\u00f6rnig<\/a>, der f\u00fcr das <a href=\"https:\/\/www.mainpost.de\/regional\/wuerzburg\/vom-unterfraenkischen-wolf-zur-cyborg-bestie-wie-ein-wuerzburger-autor-seine-heimat-in-die-zukunft-transportiert-art-11511509\" target=\"_blank\" rel=\"noreferrer noopener\">Interview<\/a> wie ein Wolf alle menschengemachten Grenzen und Reviere \u00fcberwunden hat.<\/p>\n\n\n\n<p><a href=\"https:\/\/www.mainpost.de\/regional\/wuerzburg\/vom-unterfraenkischen-wolf-zur-cyborg-bestie-wie-ein-wuerzburger-autor-seine-heimat-in-die-zukunft-transportiert-art-11511509\" target=\"_blank\" rel=\"noreferrer noopener\">Ihr findet das ganze Interview \u00fcbrigens auch \u2013 ohne Bezahlschranke \u2013 an dieser Stelle online auf der Website der Main-Post<\/a>.<\/p>\n\n\n<div class=\"wp-block-image\">\n<figure class=\"aligncenter size-full\"><a href=\"https:\/\/christianendres.de\/wp-content\/uploads\/2024\/05\/wolfszone_MainPost_interview.jpg\" target=\"_blank\" rel=\"noreferrer noopener\"><img loading=\"lazy\" width=\"650\" height=\"867\" src=\"https:\/\/christianendres.de\/wp-content\/uploads\/2024\/05\/wolfszone_MainPost_interview.jpg\" alt=\"\" class=\"wp-image-6070\" srcset=\"https:\/\/christianendres.de\/wp-content\/uploads\/2024\/05\/wolfszone_MainPost_interview.jpg 650w, https:\/\/christianendres.de\/wp-content\/uploads\/2024\/05\/wolfszone_MainPost_interview-225x300.jpg 225w\" sizes=\"(max-width: 650px) 100vw, 650px\" \/><\/a><\/figure><\/div>","protected":false},"excerpt":{"rendered":"<div class=\"mh-excerpt\"><p>Die Zeitung f\u00fcr W\u00fcrzburg und Mainfranken wird heute zur Wolfszone \u2026 \ud83d\udc3a In der heutigen Ausgabe der Main-Post ist ein Interview mit mir zu meinem Roman \u00bbWolfszone\u00ab abgedruckt \ud83d\ude2e\ud83d\ude0a Was nur Sinn ergibt, denn die <a class=\"mh-excerpt-more\" href=\"https:\/\/christianendres.de\/?p=6068\" title=\"Aus W\u00fcrzburg in die Wolfszone: In der heutigen Ausgabe der Main-Post ist ein Interview mit mir, \u00fcber W\u00f6lfe, Inspiration in Mainfranken und mehr\">[&#8230;]<\/a><\/p>\n<\/div>","protected":false},"author":1,"featured_media":6069,"comment_status":"closed","ping_status":"open","sticky":false,"template":"","format":"standard","meta":[],"categories":[5,764,16,80,1227,1228,90,145,763],"tags":[1236,1240,769,1230,100,208,153,146,1233,1030,1232,1229,1029,1237,1072,1241,462,1235,785,1239,1242,1238,1231,91,97,1234,1122,117,416,1243,1109,770,766,209,618],"_links":{"self":[{"href":"https:\/\/christianendres.de\/index.php?rest_route=\/wp\/v2\/posts\/6068"}],"collection":[{"href":"https:\/\/christianendres.de\/index.php?rest_route=\/wp\/v2\/posts"}],"about":[{"href":"https:\/\/christianendres.de\/index.php?rest_route=\/wp\/v2\/types\/post"}],"author":[{"embeddable":true,"href":"https:\/\/christianendres.de\/index.php?rest_route=\/wp\/v2\/users\/1"}],"replies":[{"embeddable":true,"href":"https:\/\/christianendres.de\/index.php?rest_route=%2Fwp%2Fv2%2Fcomments&post=6068"}],"version-history":[{"count":3,"href":"https:\/\/christianendres.de\/index.php?rest_route=\/wp\/v2\/posts\/6068\/revisions"}],"predecessor-version":[{"id":6073,"href":"https:\/\/christianendres.de\/index.php?rest_route=\/wp\/v2\/posts\/6068\/revisions\/6073"}],"wp:featuredmedia":[{"embeddable":true,"href":"https:\/\/christianendres.de\/index.php?rest_route=\/wp\/v2\/media\/6069"}],"wp:attachment":[{"href":"https:\/\/christianendres.de\/index.php?rest_route=%2Fwp%2Fv2%2Fmedia&parent=6068"}],"wp:term":[{"taxonomy":"category","embeddable":true,"href":"https:\/\/christianendres.de\/index.php?rest_route=%2Fwp%2Fv2%2Fcategories&post=6068"},{"taxonomy":"post_tag","embeddable":true,"href":"https:\/\/christianendres.de\/index.php?rest_route=%2Fwp%2Fv2%2Ftags&post=6068"}],"curies":[{"name":"wp","href":"https:\/\/api.w.org\/{rel}","templated":true}]}}