{"id":594,"date":"2016-10-16T10:00:34","date_gmt":"2016-10-16T08:00:34","guid":{"rendered":"http:\/\/christianendres.com\/?p=594"},"modified":"2022-06-19T11:51:35","modified_gmt":"2022-06-19T09:51:35","slug":"doppelpunkt","status":"publish","type":"post","link":"https:\/\/christianendres.de\/?p=594","title":{"rendered":"Doppelpunkt!"},"content":{"rendered":"<figure id=\"attachment_597\" aria-describedby=\"caption-attachment-597\" style=\"width: 320px\" class=\"wp-caption alignright\"><a href=\"https:\/\/christianendres.de\/wp-content\/uploads\/2016\/10\/doppelpunkt-10-16.jpg\"><img loading=\"lazy\" class=\"size-full wp-image-597\" src=\"https:\/\/christianendres.de\/wp-content\/uploads\/2016\/10\/doppelpunkt-10-16.jpg\" alt=\"Comic-Seite in Doppelpunkt 10\/16\" width=\"320\" height=\"456\" srcset=\"https:\/\/christianendres.de\/wp-content\/uploads\/2016\/10\/doppelpunkt-10-16.jpg 320w, https:\/\/christianendres.de\/wp-content\/uploads\/2016\/10\/doppelpunkt-10-16-211x300.jpg 211w\" sizes=\"(max-width: 320px) 100vw, 320px\" \/><\/a><figcaption id=\"caption-attachment-597\" class=\"wp-caption-text\">Comic-Seite in Doppelpunkt 10\/16<\/figcaption><\/figure>\n<p>Wer das bekannte N\u00fcrnberger Kulturmagazin&nbsp;\u00bb<a href=\"http:\/\/www.doppelpunkt.de\/\" target=\"_blank\" rel=\"noopener\">Doppelpunkt<\/a>\u00ab liest, wird im September wom\u00f6glich schon gesehen haben, dass unter den Comic-Texten ein vertrauter Name steht.<\/p>\n<p>Jetzt ist die neue Nummer #10\/2016 frisch erschienen, der vertraute Name steht wieder unter der Comic-Seite, und das ganze hat noch etwas mehr Form angenommen und ist auch so weit offiziell, dass ich etwas mehr dazu schreiben kann.<\/p>\n<p>Also, ja, ich k\u00fcmmere mich neuerdings um&nbsp;die Comic-Seite\/Comic-Texte in&nbsp;\u00bbDoppelpunkt\u00ab, dem kostenlosen Magazin f\u00fcr Kultur und Co. in N\u00fcrnberg und Umgebung, das seit 30 Jahren erscheint und aktuell 10 Hefte pro Jahr f\u00e4hrt, die im Gro\u00dfraum N\u00fcrnberg\/F\u00fcrth\/Erlangen an ca. 900 Verteilstellen ausliegen.<\/p>\n<p>Nachdem ich die Comic-Sozialisierung der Massen die letzten sieben, acht Jahre regional betrachtet via <a href=\"http:\/\/www.zitty.de\" target=\"_blank\" rel=\"noopener\">Zitty<\/a>&nbsp;und <a href=\"http:\/\/www.tagesspiegel.de\/kultur\/comics\/\" target=\"_blank\" rel=\"noopener\">Tagesspiegel<\/a> haupts\u00e4chlich in Berlin vorangetrieben habe,&nbsp;ist jetzt N\u00fcrnberg dran.<\/p>\n<p>Quasi direkt hier um die fr\u00e4nkische Ecke.<\/p>\n<p>Die Texte aus der geruckten Ausgabe erscheinen nach einer Weile \u00fcbrigens auch im \u00fcppigen&nbsp;<a href=\"http:\/\/www.doppelpunkt.de\/index.php?option=com_flexicontent&amp;view=editorials&amp;cid=36&amp;limitstart=0&amp;Itemid=242\" target=\"_blank\" rel=\"noopener\">Online<\/a>-Angebot, das ebenfalls \u00fcber die kulturellen Events der Region und des Monats informiert.<\/p>\n","protected":false},"excerpt":{"rendered":"<div class=\"mh-excerpt\"><p>Wer das bekannte N\u00fcrnberger Kulturmagazin&nbsp;\u00bbDoppelpunkt\u00ab liest, wird im September wom\u00f6glich schon gesehen haben, dass unter den Comic-Texten ein vertrauter Name steht. Jetzt ist die neue Nummer #10\/2016 frisch erschienen, der vertraute Name steht wieder unter <a class=\"mh-excerpt-more\" href=\"https:\/\/christianendres.de\/?p=594\" title=\"Doppelpunkt!\">[&#8230;]<\/a><\/p>\n<\/div>","protected":false},"author":1,"featured_media":0,"comment_status":"open","ping_status":"open","sticky":false,"template":"","format":"standard","meta":[],"categories":[9,35,13],"tags":[],"_links":{"self":[{"href":"https:\/\/christianendres.de\/index.php?rest_route=\/wp\/v2\/posts\/594"}],"collection":[{"href":"https:\/\/christianendres.de\/index.php?rest_route=\/wp\/v2\/posts"}],"about":[{"href":"https:\/\/christianendres.de\/index.php?rest_route=\/wp\/v2\/types\/post"}],"author":[{"embeddable":true,"href":"https:\/\/christianendres.de\/index.php?rest_route=\/wp\/v2\/users\/1"}],"replies":[{"embeddable":true,"href":"https:\/\/christianendres.de\/index.php?rest_route=%2Fwp%2Fv2%2Fcomments&post=594"}],"version-history":[{"count":16,"href":"https:\/\/christianendres.de\/index.php?rest_route=\/wp\/v2\/posts\/594\/revisions"}],"predecessor-version":[{"id":3607,"href":"https:\/\/christianendres.de\/index.php?rest_route=\/wp\/v2\/posts\/594\/revisions\/3607"}],"wp:attachment":[{"href":"https:\/\/christianendres.de\/index.php?rest_route=%2Fwp%2Fv2%2Fmedia&parent=594"}],"wp:term":[{"taxonomy":"category","embeddable":true,"href":"https:\/\/christianendres.de\/index.php?rest_route=%2Fwp%2Fv2%2Fcategories&post=594"},{"taxonomy":"post_tag","embeddable":true,"href":"https:\/\/christianendres.de\/index.php?rest_route=%2Fwp%2Fv2%2Ftags&post=594"}],"curies":[{"name":"wp","href":"https:\/\/api.w.org\/{rel}","templated":true}]}}