{"id":5342,"date":"2023-11-10T07:00:00","date_gmt":"2023-11-10T06:00:00","guid":{"rendered":"https:\/\/christianendres.de\/?p=5342"},"modified":"2023-11-09T19:57:48","modified_gmt":"2023-11-09T18:57:48","slug":"erschienen-spektrum-der-wissenschaft-ausgabe-12-23-mit-meiner-science-fiction-kurzgeschichte-t-wie-terrareformer","status":"publish","type":"post","link":"https:\/\/christianendres.de\/?p=5342","title":{"rendered":"Erschienen: Spektrum der Wissenschaft 12.23 \u2013 mit meiner Science-Fiction-Kurzgeschichte \u00bbT wie Terrareforming\u00ab"},"content":{"rendered":"\n<p>Seit heute steht <a href=\"https:\/\/www.spektrum.de\/inhaltsverzeichnis\/exotische-materie-aus-licht-spektrum-der-wissenschaft-12-2023\/2099415\" target=\"_blank\" rel=\"noreferrer noopener\">Spektrum der Wissenschaft 12.23<\/a> in den L\u00e4den. <\/p>\n\n\n<div class=\"wp-block-image\">\n<figure class=\"alignright size-full is-resized\"><a href=\"https:\/\/christianendres.de\/wp-content\/uploads\/2023\/11\/SdW12-23_cvr.jpg\" target=\"_blank\" rel=\"noreferrer noopener\"><img loading=\"lazy\" src=\"https:\/\/christianendres.de\/wp-content\/uploads\/2023\/11\/SdW12-23_cvr.jpg\" alt=\"\" class=\"wp-image-5343\" width=\"251\" height=\"334\" srcset=\"https:\/\/christianendres.de\/wp-content\/uploads\/2023\/11\/SdW12-23_cvr.jpg 280w, https:\/\/christianendres.de\/wp-content\/uploads\/2023\/11\/SdW12-23_cvr-225x300.jpg 225w\" sizes=\"(max-width: 251px) 100vw, 251px\" \/><\/a><\/figure><\/div>\n\n\n<p>Im Heft geht es u. a. um Exotische Materie aus Licht, Riesenwellen am \u00c4quator und ihre Erkl\u00e4rung via Quantenmechanik, Operation am Herzen der Molek\u00fcle, den R\u00fcckzug der Alpengletscher und das Bewohnbarmachen des Mars. <\/p>\n\n\n\n<p>Zu den beiden zuletzt genannten Themen zwischen Klimakatastrophe und Terraforming passt meine neue Science-Fiction-Kurzgeschichte, die ebenfalls im Heft enthalten ist, wie die Faust aufs Auge. <\/p>\n\n\n\n<p>Denn in \u00bbT wie Terra<em><strong>re<\/strong><\/em>forming\u00ab geht es um einen Tech-Milliard\u00e4r, der sein Genie und sein Verm\u00f6gen nicht in Tr\u00e4ume von selbstfahrenden Autos oder Mars-Terraforming investiert, sondern in die Wiederbewohnbarmachung unserer von der Klimakatastrophe verheerten Erde. Aber nat\u00fcrlich hat die Sache mit den Terrareforming-Wundermaschinen von Lancelot T. VanderHeek einen Haken &#8230; <\/p>\n\n\n\n<p>Ihr k\u00f6nnt euch meine SF-Geschichte auf der <em>Spektrum<\/em>-Website <a rel=\"noreferrer noopener\" href=\"https:\/\/www.spektrum.de\/magazin\/t-wie-terrareforming\/2190837\" target=\"_blank\">auch kostenlos als PDF herunterladen<\/a>, und zwar <a rel=\"noreferrer noopener\" href=\"https:\/\/www.spektrum.de\/magazin\/t-wie-terrareforming\/2190837\" target=\"_blank\">unter diesem Link<\/a>. Sagt es gerne weiter! <\/p>\n\n\n\n<p>Kann ich euch noch etwas Interessantes zum Hintergrund der Story erz\u00e4hlen? <\/p>\n\n\n\n<p>Hm. Vielleicht das: Vor einem Jahr hatte ich eine Phase, in der ich ein paar ganz klassische, satirische \u00bbPointen-Geschichten\u00ab geschrieben habe \u2013\u00a0darunter \u00bbT wie Terra<em>re<\/em>forming\u00ab. Durch den Klimawandel und superreiche, extrovertierte Tech-Genies als vermeintliche Heilsbringer hat die Story jedoch nat\u00fcrlich auch einen sehr aktuellen, bissigen Touch am Puls des Zeitgeist, wie ich hoffe und denke.<\/p>\n\n\n\n<p>Der Titel ist nat\u00fcrlich eine Hommage an \u00bbH wie Habicht\u00ab, eines meiner liebsten Nature Writing B\u00fccher, verfasst von Helen MacDonald. Was insofern witzig ist, als dass sie und Sin Blach\u00e9 mit \u00bbProphet\u00ab dieses Jahr einen der coolsten SF-Romane vorgelegt haben. Auf Deutsch bei <a href=\"https:\/\/www.hanser-literaturverlage.de\/buch\/prophet\/978-3-446-27755-7\/\" target=\"_blank\" rel=\"noreferrer noopener\">Hanser<\/a>.<\/p>\n\n\n\n<p>Also, ab heute in <a rel=\"noreferrer noopener\" href=\"https:\/\/www.spektrum.de\/inhaltsverzeichnis\/exotische-materie-aus-licht-spektrum-der-wissenschaft-12-2023\/2099415\" target=\"_blank\">Spektrum der Wissenschaft 12.23<\/a>, und hier zum <a href=\"https:\/\/www.spektrum.de\/pdf\/080-sdw-202312-pdf\/2196885\" target=\"_blank\" rel=\"noreferrer noopener\">kostenlosen digitalen Lesen als PDF<\/a>.<\/p>\n","protected":false},"excerpt":{"rendered":"<div class=\"mh-excerpt\"><p>Seit heute steht Spektrum der Wissenschaft 12.23 in den L\u00e4den. Im Heft geht es u. a. um Exotische Materie aus Licht, Riesenwellen am \u00c4quator und ihre Erkl\u00e4rung via Quantenmechanik, Operation am Herzen der Molek\u00fcle, den <a class=\"mh-excerpt-more\" href=\"https:\/\/christianendres.de\/?p=5342\" title=\"Erschienen: Spektrum der Wissenschaft 12.23 \u2013 mit meiner Science-Fiction-Kurzgeschichte \u00bbT wie Terrareforming\u00ab\">[&#8230;]<\/a><\/p>\n<\/div>","protected":false},"author":1,"featured_media":5344,"comment_status":"closed","ping_status":"open","sticky":false,"template":"","format":"standard","meta":[],"categories":[29,5,103,145,66],"tags":[479,204,98,611,800,141,97,465,466,522,159,801,798,799],"_links":{"self":[{"href":"https:\/\/christianendres.de\/index.php?rest_route=\/wp\/v2\/posts\/5342"}],"collection":[{"href":"https:\/\/christianendres.de\/index.php?rest_route=\/wp\/v2\/posts"}],"about":[{"href":"https:\/\/christianendres.de\/index.php?rest_route=\/wp\/v2\/types\/post"}],"author":[{"embeddable":true,"href":"https:\/\/christianendres.de\/index.php?rest_route=\/wp\/v2\/users\/1"}],"replies":[{"embeddable":true,"href":"https:\/\/christianendres.de\/index.php?rest_route=%2Fwp%2Fv2%2Fcomments&post=5342"}],"version-history":[{"count":6,"href":"https:\/\/christianendres.de\/index.php?rest_route=\/wp\/v2\/posts\/5342\/revisions"}],"predecessor-version":[{"id":5351,"href":"https:\/\/christianendres.de\/index.php?rest_route=\/wp\/v2\/posts\/5342\/revisions\/5351"}],"wp:featuredmedia":[{"embeddable":true,"href":"https:\/\/christianendres.de\/index.php?rest_route=\/wp\/v2\/media\/5344"}],"wp:attachment":[{"href":"https:\/\/christianendres.de\/index.php?rest_route=%2Fwp%2Fv2%2Fmedia&parent=5342"}],"wp:term":[{"taxonomy":"category","embeddable":true,"href":"https:\/\/christianendres.de\/index.php?rest_route=%2Fwp%2Fv2%2Fcategories&post=5342"},{"taxonomy":"post_tag","embeddable":true,"href":"https:\/\/christianendres.de\/index.php?rest_route=%2Fwp%2Fv2%2Ftags&post=5342"}],"curies":[{"name":"wp","href":"https:\/\/api.w.org\/{rel}","templated":true}]}}