{"id":5072,"date":"2023-09-27T16:57:17","date_gmt":"2023-09-27T14:57:17","guid":{"rendered":"https:\/\/christianendres.de\/?p=5072"},"modified":"2023-09-28T10:28:25","modified_gmt":"2023-09-28T08:28:25","slug":"preisverdaechtig-das-hoerbuch-zu-die-prinzessinnen-fuenf-gegen-die-finsternis-ist-fuer-den-goldenen-stephan-nominiert","status":"publish","type":"post","link":"https:\/\/christianendres.de\/?p=5072","title":{"rendered":"Jetzt abstimmen: Das H\u00f6rbuch zu Die Prinzessinnen \u2013\u00a0F\u00fcnf gegen die Finsternis ist f\u00fcr den Goldenen Stephan nominiert"},"content":{"rendered":"<div class=\"wp-block-image\">\n<figure class=\"aligncenter size-full is-resized\"><a href=\"https:\/\/christianendres.de\/wp-content\/uploads\/2023\/09\/27-09-23_thumb.jpg\" target=\"_blank\" rel=\"noreferrer noopener\"><img loading=\"lazy\" src=\"https:\/\/christianendres.de\/wp-content\/uploads\/2023\/09\/27-09-23_thumb.jpg\" alt=\"\" class=\"wp-image-5073\" width=\"365\" height=\"274\" srcset=\"https:\/\/christianendres.de\/wp-content\/uploads\/2023\/09\/27-09-23_thumb.jpg 326w, https:\/\/christianendres.de\/wp-content\/uploads\/2023\/09\/27-09-23_thumb-300x225.jpg 300w, https:\/\/christianendres.de\/wp-content\/uploads\/2023\/09\/27-09-23_thumb-80x60.jpg 80w\" sizes=\"(max-width: 365px) 100vw, 365px\" \/><\/a><\/figure><\/div>\n\n\n<p>Heute ist die Hauptrunde f\u00fcr den <a rel=\"noreferrer noopener\" href=\"https:\/\/www.nerds-gegen-stephan.de\/archives\/1505-GOLDENER-STEPHAN-2023-Publikumspreis-fuer-Eskapismus,-Nerdkultur-Phantastik-PENP-BuCon-Edition-Die-Hauptrunde-fuer-Literatur-Comics-ist-gestartet.html\" target=\"_blank\">Goldenen Stephan<\/a> gestartet, den <strong>Publikumspreis<\/strong> f\u00fcr Eskapismus, Nerdkultur &amp; Phantastik (PEN&amp;P), der inzwischen auf dem <strong>BuCon<\/strong> neben der Frankfurter Buchmesse verliehen wird.<\/p>\n\n\n\n<p>Und es freut mich sehr, dass auf der Shortlist in der Kategorie <strong>BESTES H\u00d6RBUCH<\/strong> auch die Audiofassung meines Romans <a href=\"https:\/\/www.audible.de\/pd\/Die-Prinzessinnen-Hoerbuch\/B0C9N24WHW?\" target=\"_blank\" rel=\"noreferrer noopener\">\u00bbDie Prinzessinnen \u2013&nbsp;F\u00fcnf gegen die Finsternis\u00ab<\/a> zu finden ist!<\/p>\n\n\n\n<p>Das H\u00f6rbuch erschien bei <strong>H\u00f6rbuch M\u00fcnchen<\/strong> im <strong>RB Media Verlag<\/strong> und wurde von der grandiosen <a rel=\"noreferrer noopener\" href=\"https:\/\/www.vanroy.tv\/\" target=\"_blank\">Funda Vanroy<\/a> eingesprochen, und es ist bei z. B. <a rel=\"noreferrer noopener\" href=\"https:\/\/www.thalia.de\/shop\/home\/artikeldetails\/A1069861211\" target=\"_blank\">Thalia<\/a> und <a rel=\"noreferrer noopener\" href=\"https:\/\/www.audible.de\/author\/Christian-Endres\/B0045B5U0K\" target=\"_blank\">Audible<\/a> erh\u00e4ltlich.<\/p>\n\n\n\n<p>Bis <strong>18. Oktober<\/strong> k\u00f6nnt ihr f\u00fcr eure Lieblingstitel in den Kategorien Roman, Comic, Anthologie und eben H\u00f6rbuch <a href=\"https:\/\/www.nerds-gegen-stephan.de\/archives\/1505-GOLDENER-STEPHAN-2023-Publikumspreis-fuer-Eskapismus,-Nerdkultur-Phantastik-PENP-BuCon-Edition-Die-Hauptrunde-fuer-Literatur-Comics-ist-gestartet.html\" target=\"_blank\" rel=\"noreferrer noopener\">abstimmen<\/a>, am 21. Oktober wird der Preis dann bereits auf dem BuCon verliehen.<\/p>\n\n\n\n<p>Die <em>Prinzessinnen<\/em> freuen sich, wenn sie euch was auf die Ohren geben durften, und daf\u00fcr jetzt eure Stimme kriegen! Wenn nicht, m\u00fcsst ihr das nicht mit mir, sondern mit Cinn und Aiby ausmachen &#8230; <\/p>\n\n\n<div class=\"wp-block-image\">\n<figure class=\"aligncenter size-full\"><a href=\"https:\/\/christianendres.de\/wp-content\/uploads\/2023\/06\/prinzessinnen1_hoerbuch_cvr.jpg\" target=\"_blank\" rel=\"noreferrer noopener\"><img loading=\"lazy\" width=\"500\" height=\"500\" src=\"https:\/\/christianendres.de\/wp-content\/uploads\/2023\/06\/prinzessinnen1_hoerbuch_cvr.jpg\" alt=\"\" class=\"wp-image-4881\" srcset=\"https:\/\/christianendres.de\/wp-content\/uploads\/2023\/06\/prinzessinnen1_hoerbuch_cvr.jpg 500w, https:\/\/christianendres.de\/wp-content\/uploads\/2023\/06\/prinzessinnen1_hoerbuch_cvr-300x300.jpg 300w, https:\/\/christianendres.de\/wp-content\/uploads\/2023\/06\/prinzessinnen1_hoerbuch_cvr-150x150.jpg 150w\" sizes=\"(max-width: 500px) 100vw, 500px\" \/><\/a><\/figure><\/div>\n\n\n<p><\/p>\n","protected":false},"excerpt":{"rendered":"<div class=\"mh-excerpt\"><p>Heute ist die Hauptrunde f\u00fcr den Goldenen Stephan gestartet, den Publikumspreis f\u00fcr Eskapismus, Nerdkultur &amp; Phantastik (PEN&amp;P), der inzwischen auf dem BuCon neben der Frankfurter Buchmesse verliehen wird. Und es freut mich sehr, dass auf <a class=\"mh-excerpt-more\" href=\"https:\/\/christianendres.de\/?p=5072\" title=\"Jetzt abstimmen: Das H\u00f6rbuch zu Die Prinzessinnen \u2013\u00a0F\u00fcnf gegen die Finsternis ist f\u00fcr den Goldenen Stephan nominiert\">[&#8230;]<\/a><\/p>\n<\/div>","protected":false},"author":1,"featured_media":5073,"comment_status":"closed","ping_status":"open","sticky":false,"template":"","format":"standard","meta":[],"categories":[14,726,87,89,602,601,596,597],"tags":[627,488,729,93,727,94,92,600,295,302,728,475,628,91],"_links":{"self":[{"href":"https:\/\/christianendres.de\/index.php?rest_route=\/wp\/v2\/posts\/5072"}],"collection":[{"href":"https:\/\/christianendres.de\/index.php?rest_route=\/wp\/v2\/posts"}],"about":[{"href":"https:\/\/christianendres.de\/index.php?rest_route=\/wp\/v2\/types\/post"}],"author":[{"embeddable":true,"href":"https:\/\/christianendres.de\/index.php?rest_route=\/wp\/v2\/users\/1"}],"replies":[{"embeddable":true,"href":"https:\/\/christianendres.de\/index.php?rest_route=%2Fwp%2Fv2%2Fcomments&post=5072"}],"version-history":[{"count":14,"href":"https:\/\/christianendres.de\/index.php?rest_route=\/wp\/v2\/posts\/5072\/revisions"}],"predecessor-version":[{"id":5087,"href":"https:\/\/christianendres.de\/index.php?rest_route=\/wp\/v2\/posts\/5072\/revisions\/5087"}],"wp:featuredmedia":[{"embeddable":true,"href":"https:\/\/christianendres.de\/index.php?rest_route=\/wp\/v2\/media\/5073"}],"wp:attachment":[{"href":"https:\/\/christianendres.de\/index.php?rest_route=%2Fwp%2Fv2%2Fmedia&parent=5072"}],"wp:term":[{"taxonomy":"category","embeddable":true,"href":"https:\/\/christianendres.de\/index.php?rest_route=%2Fwp%2Fv2%2Fcategories&post=5072"},{"taxonomy":"post_tag","embeddable":true,"href":"https:\/\/christianendres.de\/index.php?rest_route=%2Fwp%2Fv2%2Ftags&post=5072"}],"curies":[{"name":"wp","href":"https:\/\/api.w.org\/{rel}","templated":true}]}}