{"id":4919,"date":"2023-06-20T18:18:00","date_gmt":"2023-06-20T16:18:00","guid":{"rendered":"https:\/\/christianendres.de\/?p=4919"},"modified":"2023-06-16T11:34:36","modified_gmt":"2023-06-16T09:34:36","slug":"adel-verpflichtet-die-prinzessinnen-im-buchjournal-dem-fuehrenden-kundenmagazin-im-buchhandel","status":"publish","type":"post","link":"https:\/\/christianendres.de\/?p=4919","title":{"rendered":"Adel verpflichtet: Die Prinzessinnen im Buchjournal, dem f\u00fchrenden Kundenmagazin im Buchhandel"},"content":{"rendered":"\n<p>Bereits in der im April erschienenen Ausgabe 2\/2023 des <a rel=\"noreferrer noopener\" href=\"https:\/\/www.buchjournal.de\/\" target=\"_blank\">\u00bbBuchjournal\u00ab<\/a> war ein sweeter Text zu den <a rel=\"noreferrer noopener\" href=\"https:\/\/www.cross-cult.de\/titel\/die-prinzessinnen-fuenf-gegen-die-finsternis.html\" target=\"_blank\">Prinzessinnen<\/a> abgedruckt. <\/p>\n\n\n\n<p>Ein kleines Zitat dararaus: \u00bbDer actionreiche und spannende Ritt durch eine d\u00fcstere Welt voller Spuk und Finsterlinge leistet durch seine Figurenkonstellation und die Charakteristik seiner Titelheldinnen einen verdienstvollen Beitrag zum Genderdiskurs.\u00ab<\/p>\n\n\n\n<p>Hier gibt es das Heft <a rel=\"noreferrer noopener\" href=\"https:\/\/hefte.buchjournal.de\/ausgabe\/02_2023\/\" target=\"_blank\">digital zum Reinbl\u00e4ttern<\/a>. <\/p>\n\n\n\n<p>Und hier steht der Text seit Juni <a href=\"https:\/\/www.buchjournal.de\/buecher\/junge-leser\/adel-verpflichtet-47071\">auch online auf der Website<\/a>. <\/p>\n\n\n\n<p>Das \u00bbBuchjournal\u00ab erreicht mehr als eine Million literaturbegeisterte Leser*innen und liegt kostenlos in mehr als 2.000 Buchhandlungen in Deutschland, \u00d6sterreich und der Schweiz aus \u2013\u00a0darin erw\u00e4hnt z uwerden, freut den Chronisten der S\u00f6ldnerinnen also nat\u00fcrlich sehr.<\/p>\n\n\n<div class=\"wp-block-image\">\n<figure class=\"aligncenter size-full\"><a href=\"https:\/\/christianendres.de\/wp-content\/uploads\/2023\/06\/buchjournal_2-23.jpg\" target=\"_blank\" rel=\"noreferrer noopener\"><img loading=\"lazy\" width=\"600\" height=\"600\" src=\"https:\/\/christianendres.de\/wp-content\/uploads\/2023\/06\/buchjournal_2-23.jpg\" alt=\"\" class=\"wp-image-4920\" srcset=\"https:\/\/christianendres.de\/wp-content\/uploads\/2023\/06\/buchjournal_2-23.jpg 600w, https:\/\/christianendres.de\/wp-content\/uploads\/2023\/06\/buchjournal_2-23-300x300.jpg 300w, https:\/\/christianendres.de\/wp-content\/uploads\/2023\/06\/buchjournal_2-23-150x150.jpg 150w\" sizes=\"(max-width: 600px) 100vw, 600px\" \/><\/a><\/figure><\/div>","protected":false},"excerpt":{"rendered":"<div class=\"mh-excerpt\"><p>Bereits in der im April erschienenen Ausgabe 2\/2023 des \u00bbBuchjournal\u00ab war ein sweeter Text zu den Prinzessinnen abgedruckt. Ein kleines Zitat dararaus: \u00bbDer actionreiche und spannende Ritt durch eine d\u00fcstere Welt voller Spuk und Finsterlinge <a class=\"mh-excerpt-more\" href=\"https:\/\/christianendres.de\/?p=4919\" title=\"Adel verpflichtet: Die Prinzessinnen im Buchjournal, dem f\u00fchrenden Kundenmagazin im Buchhandel\">[&#8230;]<\/a><\/p>\n<\/div>","protected":false},"author":1,"featured_media":4921,"comment_status":"closed","ping_status":"open","sticky":false,"template":"","format":"standard","meta":[],"categories":[29,14,87,89,84,5],"tags":[613,216,612,610,93,94,92,614,611,91,336],"_links":{"self":[{"href":"https:\/\/christianendres.de\/index.php?rest_route=\/wp\/v2\/posts\/4919"}],"collection":[{"href":"https:\/\/christianendres.de\/index.php?rest_route=\/wp\/v2\/posts"}],"about":[{"href":"https:\/\/christianendres.de\/index.php?rest_route=\/wp\/v2\/types\/post"}],"author":[{"embeddable":true,"href":"https:\/\/christianendres.de\/index.php?rest_route=\/wp\/v2\/users\/1"}],"replies":[{"embeddable":true,"href":"https:\/\/christianendres.de\/index.php?rest_route=%2Fwp%2Fv2%2Fcomments&post=4919"}],"version-history":[{"count":3,"href":"https:\/\/christianendres.de\/index.php?rest_route=\/wp\/v2\/posts\/4919\/revisions"}],"predecessor-version":[{"id":4923,"href":"https:\/\/christianendres.de\/index.php?rest_route=\/wp\/v2\/posts\/4919\/revisions\/4923"}],"wp:featuredmedia":[{"embeddable":true,"href":"https:\/\/christianendres.de\/index.php?rest_route=\/wp\/v2\/media\/4921"}],"wp:attachment":[{"href":"https:\/\/christianendres.de\/index.php?rest_route=%2Fwp%2Fv2%2Fmedia&parent=4919"}],"wp:term":[{"taxonomy":"category","embeddable":true,"href":"https:\/\/christianendres.de\/index.php?rest_route=%2Fwp%2Fv2%2Fcategories&post=4919"},{"taxonomy":"post_tag","embeddable":true,"href":"https:\/\/christianendres.de\/index.php?rest_route=%2Fwp%2Fv2%2Ftags&post=4919"}],"curies":[{"name":"wp","href":"https:\/\/api.w.org\/{rel}","templated":true}]}}