{"id":4022,"date":"2022-10-12T10:54:15","date_gmt":"2022-10-12T08:54:15","guid":{"rendered":"https:\/\/christianendres.de\/?p=4022"},"modified":"2022-10-12T10:54:15","modified_gmt":"2022-10-12T08:54:15","slug":"ken-liu-das-zeitalter-der-geschichten","status":"publish","type":"post","link":"https:\/\/christianendres.de\/?p=4022","title":{"rendered":"Ken Liu: Das Zeitalter der Geschichten"},"content":{"rendered":"\n<p>Vor nicht allzu langer Zeit hat <a rel=\"noreferrer noopener\" href=\"https:\/\/kenliu.name\/\" target=\"_blank\">Ken Liu<\/a>, preisgekr\u00f6nter Meister der modernen SF-Kurzgeschichte und des epischen Silkpunk-High-Fantasy-Romans, einen sehr klugen Essay \u00fcber Geschichte\/Historie, Geschichten\/Storys und das f\u00fcr unsere Zeit so wichtige \u00bbNarrativ\u00ab geschrieben \u2013\u00a0und \u00fcber das Verh\u00e4ltnis dieser Konzepte in Vergangenheit, Gegenwart und Zukunft.<\/p>\n\n\n\n<p>Als ich mit Ken \u00fcber seinen feinen Text gesprochen habe, kam nat\u00fcrlich auch die Frage auf, ob eine deutschsprachige Fassung erw\u00fcnscht bzw. \u00fcberhaupt m\u00f6glich w\u00e4re. War es, wie sich schnell zeigte. <\/p>\n\n\n\n<p>Seit heute steht der Essay auf <a href=\"https:\/\/diezukunft.de\/essay\/buch\/gastbeitrag-von-ken-liu-das-zeitalter-der-geschichten\">Heynes Science-Fiction-Portal diezukunft.de online<\/a>, die \u00dcbersetzung stammt von mir. Ich \u00fcbersetze lange nicht mehr so viel wie fr\u00fcher, und Kens Beitrag hat auch einen gewissen Anspruch als Herausforderung mit sich gebracht, in diesem Fall war es mir aber eine besondere Ehre und ein ausgesprochenes Vergn\u00fcgen, eine deutschsprachige Version zu liefern.<\/p>\n\n\n<div class=\"wp-block-image\">\n<figure class=\"aligncenter size-full\"><a href=\"https:\/\/christianendres.de\/wp-content\/uploads\/2022\/10\/liu_essay_teaser.jpg\"><img loading=\"lazy\" width=\"500\" height=\"386\" src=\"https:\/\/christianendres.de\/wp-content\/uploads\/2022\/10\/liu_essay_teaser.jpg\" alt=\"Teaser-Bild f\u00fcr den Essay von Ken Liu auf www.diezukunft.de \" class=\"wp-image-4023\" srcset=\"https:\/\/christianendres.de\/wp-content\/uploads\/2022\/10\/liu_essay_teaser.jpg 500w, https:\/\/christianendres.de\/wp-content\/uploads\/2022\/10\/liu_essay_teaser-300x232.jpg 300w\" sizes=\"(max-width: 500px) 100vw, 500px\" \/><\/a><\/figure><\/div>\n\n\n<p><\/p>\n","protected":false},"excerpt":{"rendered":"<div class=\"mh-excerpt\"><p>Vor nicht allzu langer Zeit hat Ken Liu, preisgekr\u00f6nter Meister der modernen SF-Kurzgeschichte und des epischen Silkpunk-High-Fantasy-Romans, einen sehr klugen Essay \u00fcber Geschichte\/Historie, Geschichten\/Storys und das f\u00fcr unsere Zeit so wichtige \u00bbNarrativ\u00ab geschrieben \u2013\u00a0und \u00fcber <a class=\"mh-excerpt-more\" href=\"https:\/\/christianendres.de\/?p=4022\" title=\"Ken Liu: Das Zeitalter der Geschichten\">[&#8230;]<\/a><\/p>\n<\/div>","protected":false},"author":1,"featured_media":4024,"comment_status":"closed","ping_status":"open","sticky":false,"template":"","format":"standard","meta":[],"categories":[8,88],"tags":[],"_links":{"self":[{"href":"https:\/\/christianendres.de\/index.php?rest_route=\/wp\/v2\/posts\/4022"}],"collection":[{"href":"https:\/\/christianendres.de\/index.php?rest_route=\/wp\/v2\/posts"}],"about":[{"href":"https:\/\/christianendres.de\/index.php?rest_route=\/wp\/v2\/types\/post"}],"author":[{"embeddable":true,"href":"https:\/\/christianendres.de\/index.php?rest_route=\/wp\/v2\/users\/1"}],"replies":[{"embeddable":true,"href":"https:\/\/christianendres.de\/index.php?rest_route=%2Fwp%2Fv2%2Fcomments&post=4022"}],"version-history":[{"count":3,"href":"https:\/\/christianendres.de\/index.php?rest_route=\/wp\/v2\/posts\/4022\/revisions"}],"predecessor-version":[{"id":4027,"href":"https:\/\/christianendres.de\/index.php?rest_route=\/wp\/v2\/posts\/4022\/revisions\/4027"}],"wp:featuredmedia":[{"embeddable":true,"href":"https:\/\/christianendres.de\/index.php?rest_route=\/wp\/v2\/media\/4024"}],"wp:attachment":[{"href":"https:\/\/christianendres.de\/index.php?rest_route=%2Fwp%2Fv2%2Fmedia&parent=4022"}],"wp:term":[{"taxonomy":"category","embeddable":true,"href":"https:\/\/christianendres.de\/index.php?rest_route=%2Fwp%2Fv2%2Fcategories&post=4022"},{"taxonomy":"post_tag","embeddable":true,"href":"https:\/\/christianendres.de\/index.php?rest_route=%2Fwp%2Fv2%2Ftags&post=4022"}],"curies":[{"name":"wp","href":"https:\/\/api.w.org\/{rel}","templated":true}]}}