{"id":3850,"date":"2022-07-30T15:53:10","date_gmt":"2022-07-30T13:53:10","guid":{"rendered":"https:\/\/christianendres.de\/?p=3850"},"modified":"2022-07-30T15:56:41","modified_gmt":"2022-07-30T13:56:41","slug":"zum-abstempeln-spider-man","status":"publish","type":"post","link":"https:\/\/christianendres.de\/?p=3850","title":{"rendered":"Die neue Spider-Man-Briefmarke"},"content":{"rendered":"\n<p>Mein Lieblingssuperheld Spider-Man wird diesen Sommer 60 Jahre alt \u2013\u00a0und kann an seinem runden Geburtstag neuerdings sogar angeleckt, abgestempelt und in die Fremde geschickt werden. <\/p>\n\n\n\n<p>Denn die Deutsche Post startet <a rel=\"noreferrer noopener\" href=\"https:\/\/www.dpdhl.com\/de\/presse\/pressemitteilungen\/2022\/deutsche-post-ehrt-spider-man-mit-neuer-briefmarke.html\" target=\"_blank\">ihre Superhelden-Reihe mit einer Spidey-Briefmarke<\/a>! <\/p>\n\n\n\n<p>Eigentlich schreib ich ja nur noch E-Mails, Mary Jane, sorry, aber das ist trotzdem eine coole Sache f\u00fcr  Fans und Collectors. Comic-affine Briefmarkensammelnde sind vermutlich v\u00f6llig aus dem H\u00e4uschen. Und nat\u00fcrlich freut sich auch der dt. Spider-Man-Redakteur \u00fcber so einen Bogen f\u00fcr die Sammlung. <\/p>\n\n\n\n<figure class=\"wp-block-image size-full is-resized\"><a href=\"https:\/\/christianendres.de\/wp-content\/uploads\/2022\/07\/spidey-stamps.jpg\"><img loading=\"lazy\" src=\"https:\/\/christianendres.de\/wp-content\/uploads\/2022\/07\/spidey-stamps.jpg\" alt=\"Spider-Man Briefmarken 2022\" class=\"wp-image-3851\" width=\"511\" height=\"681\" srcset=\"https:\/\/christianendres.de\/wp-content\/uploads\/2022\/07\/spidey-stamps.jpg 750w, https:\/\/christianendres.de\/wp-content\/uploads\/2022\/07\/spidey-stamps-225x300.jpg 225w\" sizes=\"(max-width: 511px) 100vw, 511px\" \/><\/a><figcaption>Die Spider-Man-Briefmarke der Deutschen Post<\/figcaption><\/figure>\n","protected":false},"excerpt":{"rendered":"<div class=\"mh-excerpt\"><p>Mein Lieblingssuperheld Spider-Man wird diesen Sommer 60 Jahre alt \u2013\u00a0und kann an seinem runden Geburtstag neuerdings sogar angeleckt, abgestempelt und in die Fremde geschickt werden. Denn die Deutsche Post startet ihre Superhelden-Reihe mit einer Spidey-Briefmarke! <a class=\"mh-excerpt-more\" href=\"https:\/\/christianendres.de\/?p=3850\" title=\"Die neue Spider-Man-Briefmarke\">[&#8230;]<\/a><\/p>\n<\/div>","protected":false},"author":1,"featured_media":3852,"comment_status":"closed","ping_status":"open","sticky":false,"template":"","format":"standard","meta":[],"categories":[20],"tags":[],"_links":{"self":[{"href":"https:\/\/christianendres.de\/index.php?rest_route=\/wp\/v2\/posts\/3850"}],"collection":[{"href":"https:\/\/christianendres.de\/index.php?rest_route=\/wp\/v2\/posts"}],"about":[{"href":"https:\/\/christianendres.de\/index.php?rest_route=\/wp\/v2\/types\/post"}],"author":[{"embeddable":true,"href":"https:\/\/christianendres.de\/index.php?rest_route=\/wp\/v2\/users\/1"}],"replies":[{"embeddable":true,"href":"https:\/\/christianendres.de\/index.php?rest_route=%2Fwp%2Fv2%2Fcomments&post=3850"}],"version-history":[{"count":10,"href":"https:\/\/christianendres.de\/index.php?rest_route=\/wp\/v2\/posts\/3850\/revisions"}],"predecessor-version":[{"id":3862,"href":"https:\/\/christianendres.de\/index.php?rest_route=\/wp\/v2\/posts\/3850\/revisions\/3862"}],"wp:featuredmedia":[{"embeddable":true,"href":"https:\/\/christianendres.de\/index.php?rest_route=\/wp\/v2\/media\/3852"}],"wp:attachment":[{"href":"https:\/\/christianendres.de\/index.php?rest_route=%2Fwp%2Fv2%2Fmedia&parent=3850"}],"wp:term":[{"taxonomy":"category","embeddable":true,"href":"https:\/\/christianendres.de\/index.php?rest_route=%2Fwp%2Fv2%2Fcategories&post=3850"},{"taxonomy":"post_tag","embeddable":true,"href":"https:\/\/christianendres.de\/index.php?rest_route=%2Fwp%2Fv2%2Ftags&post=3850"}],"curies":[{"name":"wp","href":"https:\/\/api.w.org\/{rel}","templated":true}]}}