{"id":373,"date":"2015-07-12T19:42:17","date_gmt":"2015-07-12T17:42:17","guid":{"rendered":"http:\/\/christianendres.com\/?p=373"},"modified":"2022-06-19T11:56:54","modified_gmt":"2022-06-19T09:56:54","slug":"erschienen-harte-bandagen","status":"publish","type":"post","link":"https:\/\/christianendres.de\/?p=373","title":{"rendered":"Erschienen: Harte Bandagen"},"content":{"rendered":"<figure id=\"attachment_374\" aria-describedby=\"caption-attachment-374\" style=\"width: 160px\" class=\"wp-caption alignright\"><a href=\"https:\/\/christianendres.de\/wp-content\/uploads\/2015\/07\/harte_bandagen.jpg\"><img loading=\"lazy\" class=\"size-full wp-image-374\" src=\"https:\/\/christianendres.de\/wp-content\/uploads\/2015\/07\/harte_bandagen.jpg\" alt=\"Harte Bandagen, p.machinery, 2015\" width=\"160\" height=\"256\"><\/a><figcaption id=\"caption-attachment-374\" class=\"wp-caption-text\">Harte Bandagen, p.machinery, 2015<\/figcaption><\/figure>\n<p>Die Mumien-Anthologie <a href=\"http:\/\/www.pmachinery.de\/unsere-bucher\/horror\/froehlich-thomas-griesbach-corinna-hrsg-harte-bandagen\" target=\"_blank\" rel=\"noopener\">Harte Bandagen<\/a>, die dieser Tage offiziell als Taschenbuch und als E-Book erschienen ist,&nbsp;hat einen etwas abenteuerlichen Weg hinter sich.<\/p>\n<p>Nachdem der \u00f6sterreichische Kleinverlag Evolver Books, der die Ausschreibung ausrichtete, die Segel gestrichen hat, wurde die Sammlung nun bei p.machinery ver\u00f6ffentlicht \u2013 sogar mit mehr Storys, als urspr\u00fcnglich geplant.<\/p>\n<p>Ich wei\u00df gar nicht mehr, was mich damals dazu bewogen hat, mit <em>Eine andere Welt<\/em>&nbsp;eine Mumien-Geschichte zu schreiben, und dann auch noch ausgerechnet diese. Ich glaube, ich habe die Ausschreibung gelesen, und da war einfach diese Idee, das Thema Zeit und Ver\u00e4nderung mit dem Grabr\u00e4uber-Klischee und dem damals so pr\u00e4senten arabischen Fr\u00fchling zu verkn\u00fcpfen &#8230;<\/p>\n","protected":false},"excerpt":{"rendered":"<div class=\"mh-excerpt\"><p>Die Mumien-Anthologie Harte Bandagen, die dieser Tage offiziell als Taschenbuch und als E-Book erschienen ist,&nbsp;hat einen etwas abenteuerlichen Weg hinter sich. Nachdem der \u00f6sterreichische Kleinverlag Evolver Books, der die Ausschreibung ausrichtete, die Segel gestrichen hat, <a class=\"mh-excerpt-more\" href=\"https:\/\/christianendres.de\/?p=373\" title=\"Erschienen: Harte Bandagen\">[&#8230;]<\/a><\/p>\n<\/div>","protected":false},"author":1,"featured_media":0,"comment_status":"open","ping_status":"open","sticky":false,"template":"","format":"standard","meta":[],"categories":[24],"tags":[],"_links":{"self":[{"href":"https:\/\/christianendres.de\/index.php?rest_route=\/wp\/v2\/posts\/373"}],"collection":[{"href":"https:\/\/christianendres.de\/index.php?rest_route=\/wp\/v2\/posts"}],"about":[{"href":"https:\/\/christianendres.de\/index.php?rest_route=\/wp\/v2\/types\/post"}],"author":[{"embeddable":true,"href":"https:\/\/christianendres.de\/index.php?rest_route=\/wp\/v2\/users\/1"}],"replies":[{"embeddable":true,"href":"https:\/\/christianendres.de\/index.php?rest_route=%2Fwp%2Fv2%2Fcomments&post=373"}],"version-history":[{"count":3,"href":"https:\/\/christianendres.de\/index.php?rest_route=\/wp\/v2\/posts\/373\/revisions"}],"predecessor-version":[{"id":3629,"href":"https:\/\/christianendres.de\/index.php?rest_route=\/wp\/v2\/posts\/373\/revisions\/3629"}],"wp:attachment":[{"href":"https:\/\/christianendres.de\/index.php?rest_route=%2Fwp%2Fv2%2Fmedia&parent=373"}],"wp:term":[{"taxonomy":"category","embeddable":true,"href":"https:\/\/christianendres.de\/index.php?rest_route=%2Fwp%2Fv2%2Fcategories&post=373"},{"taxonomy":"post_tag","embeddable":true,"href":"https:\/\/christianendres.de\/index.php?rest_route=%2Fwp%2Fv2%2Ftags&post=373"}],"curies":[{"name":"wp","href":"https:\/\/api.w.org\/{rel}","templated":true}]}}