{"id":2631,"date":"2021-09-18T09:00:21","date_gmt":"2021-09-18T07:00:21","guid":{"rendered":"http:\/\/christianendres.com\/?p=2631"},"modified":"2022-06-19T10:51:04","modified_gmt":"2022-06-19T08:51:04","slug":"vorbestellbar-am-anfang-war-das-bild","status":"publish","type":"post","link":"https:\/\/christianendres.de\/?p=2631","title":{"rendered":"Vorbestellbar: Am Anfang war das Bild &#038; Macht und Wort"},"content":{"rendered":"<p>Am 15. Oktober werden&nbsp;im <a href=\"https:\/\/shop.hirnkost.de\" target=\"_blank\" rel=\"noopener\">Hirnkost Verlag<\/a> zwei neue Science-Fiction-Anthologien im Hardcover&nbsp;erscheinen, beide jeweils mit einer Kurzgeschichte von mir:<\/p>\n<p><a href=\"https:\/\/christianendres.de\/wp-content\/uploads\/2021\/09\/hirnkost_okt2021_2.jpg\"><img loading=\"lazy\" width=\"522\" height=\"353\" class=\"wp-image-2643 size-full aligncenter\" src=\"https:\/\/christianendres.de\/wp-content\/uploads\/2021\/09\/hirnkost_okt2021_2.jpg\" alt=\"\" srcset=\"https:\/\/christianendres.de\/wp-content\/uploads\/2021\/09\/hirnkost_okt2021_2.jpg 522w, https:\/\/christianendres.de\/wp-content\/uploads\/2021\/09\/hirnkost_okt2021_2-300x203.jpg 300w\" sizes=\"(max-width: 522px) 100vw, 522px\" \/> <\/a><br \/>\nIn&nbsp;<strong>\u00bb<\/strong><strong><a href=\"https:\/\/shop.hirnkost.de\/produkt\/am-anfang-war-das-bild\/\" target=\"_blank\" rel=\"noopener\">Am Anfang war das Bild<\/a><\/strong>\u00ab, herausgegeben von&nbsp;Uli Bendick, Aiki Mira und Mario Franke, geht es um die Symbiose&nbsp;von Text und Bild. Der Clou: Alle Autor:innen haben sich aus einem eigens f\u00fcr diese Anthologie geschaffenem&nbsp;Pool an Illustrationen von Uli &amp; Mario ein Bild ausgesucht und dazu eine Kurzgeschichte geschrieben. Zu dieser wurde dann eine neue Illu angefertigt, die nun nat\u00fcrlich die Erz\u00e4hlung im Buch&nbsp;begleitet. Meine Story tr\u00e4gt den Titel&nbsp;\u00bb<strong>Sterben und sterben lassen auf einem einstmals blauen Planeten<\/strong>\u00ab, und ihr Protagonist ist der Sensenmann, und zwar auf einer postapokalyptischen Erde.<\/p>\n<p>In&nbsp;<strong>\u00bb<a href=\"https:\/\/shop.hirnkost.de\/produkt\/macht-und-wort\/\" target=\"_blank\" rel=\"noopener\">Macht &amp;&nbsp;Wort. Die Macht der Sprache \u2013 Sprache der Macht<\/a>\u00ab<\/strong>, der inzwischen bereits dritten <em>Exodus<\/em>-Anthologie der Herausgeber Hans J\u00fcrgen Kugler &amp;&nbsp;Ren\u00e9 Moreau, dreht sich dagegen alles um die titelgebende Verbindung samt Konsequenzen. Ich habe zum Band die Story&nbsp;\u00bb<strong>Die Finger verbrennen, den Geist entfachen<\/strong>\u00ab beigesteuert, eine dystopische Hardboiled-Detektiv-Alternativweltgeschichte mit zwei, drei ziemlich offensichtlichen Einfl\u00fcssen, denke ich. Die filmposter-w\u00fcrdige Illustration zu meiner Erz\u00e4hlung&nbsp;schuf <a href=\"https:\/\/michaelvogt.com\" target=\"_blank\" rel=\"noopener\">Michael Vogt<\/a>.<\/p>\n<p>Beide B\u00fccher&nbsp;k\u00f6nnen nat\u00fcrlich schon jetzt <a href=\"https:\/\/shop.hirnkost.de\" target=\"_blank\" rel=\"noopener\">vorbestellt werden<\/a>.<\/p>\n<figure id=\"attachment_2632\" aria-describedby=\"caption-attachment-2632\" style=\"width: 500px\" class=\"wp-caption aligncenter\"><a href=\"https:\/\/christianendres.de\/wp-content\/uploads\/2021\/09\/am_anfang_war_das_bild.jpg\"><img loading=\"lazy\" class=\"wp-image-2632 size-full\" src=\"https:\/\/christianendres.de\/wp-content\/uploads\/2021\/09\/am_anfang_war_das_bild.jpg\" alt=\"Am Anfang war das Bild, Hirnkost 2021\" width=\"500\" height=\"671\" srcset=\"https:\/\/christianendres.de\/wp-content\/uploads\/2021\/09\/am_anfang_war_das_bild.jpg 500w, https:\/\/christianendres.de\/wp-content\/uploads\/2021\/09\/am_anfang_war_das_bild-224x300.jpg 224w\" sizes=\"(max-width: 500px) 100vw, 500px\" \/><\/a><figcaption id=\"caption-attachment-2632\" class=\"wp-caption-text\">Am Anfang war das Bild, Hirnkost 2021<\/figcaption><\/figure>\n<figure id=\"attachment_2636\" aria-describedby=\"caption-attachment-2636\" style=\"width: 500px\" class=\"wp-caption aligncenter\"><a href=\"https:\/\/christianendres.de\/wp-content\/uploads\/2021\/09\/macht-wort.jpg\"><img loading=\"lazy\" class=\"size-full wp-image-2636\" src=\"https:\/\/christianendres.de\/wp-content\/uploads\/2021\/09\/macht-wort.jpg\" alt=\"Macht &amp; Wort, Hirnkost 2021\" width=\"500\" height=\"675\" srcset=\"https:\/\/christianendres.de\/wp-content\/uploads\/2021\/09\/macht-wort.jpg 500w, https:\/\/christianendres.de\/wp-content\/uploads\/2021\/09\/macht-wort-222x300.jpg 222w\" sizes=\"(max-width: 500px) 100vw, 500px\" \/><\/a><figcaption id=\"caption-attachment-2636\" class=\"wp-caption-text\">Macht &amp; Wort, Hirnkost 2021<\/figcaption><\/figure>\n","protected":false},"excerpt":{"rendered":"<div class=\"mh-excerpt\"><p>Am 15. Oktober werden&nbsp;im Hirnkost Verlag zwei neue Science-Fiction-Anthologien im Hardcover&nbsp;erscheinen, beide jeweils mit einer Kurzgeschichte von mir: In&nbsp;\u00bbAm Anfang war das Bild\u00ab, herausgegeben von&nbsp;Uli Bendick, Aiki Mira und Mario Franke, geht es um die <a class=\"mh-excerpt-more\" href=\"https:\/\/christianendres.de\/?p=2631\" title=\"Vorbestellbar: Am Anfang war das Bild &#038; Macht und Wort\">[&#8230;]<\/a><\/p>\n<\/div>","protected":false},"author":1,"featured_media":0,"comment_status":"closed","ping_status":"open","sticky":false,"template":"","format":"standard","meta":[],"categories":[71,29,54,72],"tags":[],"_links":{"self":[{"href":"https:\/\/christianendres.de\/index.php?rest_route=\/wp\/v2\/posts\/2631"}],"collection":[{"href":"https:\/\/christianendres.de\/index.php?rest_route=\/wp\/v2\/posts"}],"about":[{"href":"https:\/\/christianendres.de\/index.php?rest_route=\/wp\/v2\/types\/post"}],"author":[{"embeddable":true,"href":"https:\/\/christianendres.de\/index.php?rest_route=\/wp\/v2\/users\/1"}],"replies":[{"embeddable":true,"href":"https:\/\/christianendres.de\/index.php?rest_route=%2Fwp%2Fv2%2Fcomments&post=2631"}],"version-history":[{"count":32,"href":"https:\/\/christianendres.de\/index.php?rest_route=\/wp\/v2\/posts\/2631\/revisions"}],"predecessor-version":[{"id":3453,"href":"https:\/\/christianendres.de\/index.php?rest_route=\/wp\/v2\/posts\/2631\/revisions\/3453"}],"wp:attachment":[{"href":"https:\/\/christianendres.de\/index.php?rest_route=%2Fwp%2Fv2%2Fmedia&parent=2631"}],"wp:term":[{"taxonomy":"category","embeddable":true,"href":"https:\/\/christianendres.de\/index.php?rest_route=%2Fwp%2Fv2%2Fcategories&post=2631"},{"taxonomy":"post_tag","embeddable":true,"href":"https:\/\/christianendres.de\/index.php?rest_route=%2Fwp%2Fv2%2Ftags&post=2631"}],"curies":[{"name":"wp","href":"https:\/\/api.w.org\/{rel}","templated":true}]}}