{"id":2141,"date":"2021-03-18T11:36:39","date_gmt":"2021-03-18T10:36:39","guid":{"rendered":"http:\/\/christianendres.com\/?p=2141"},"modified":"2022-06-19T11:13:47","modified_gmt":"2022-06-19T09:13:47","slug":"erschienen-spektrum-der-wissenschaft-42021-mit-meiner-story-wer-hat-angst-vorm-boesen-wlf","status":"publish","type":"post","link":"https:\/\/christianendres.de\/?p=2141","title":{"rendered":"Erschienen: Spektrum der Wissenschaft 4\/2021 mit meiner Story \u00bbWer hat Angst vorm b\u00f6sen W@lf?\u00ab"},"content":{"rendered":"<figure id=\"attachment_2142\" aria-describedby=\"caption-attachment-2142\" style=\"width: 266px\" class=\"wp-caption alignright\"><a href=\"https:\/\/christianendres.de\/wp-content\/uploads\/2021\/03\/spektrum_4_21_cvr.jpg\"><img loading=\"lazy\" class=\" wp-image-2142\" src=\"https:\/\/christianendres.de\/wp-content\/uploads\/2021\/03\/spektrum_4_21_cvr.jpg\" alt=\"Spektrum der Wissenschaft #4\/2021, 20. M\u00e4rz 2021\" width=\"266\" height=\"355\" srcset=\"https:\/\/christianendres.de\/wp-content\/uploads\/2021\/03\/spektrum_4_21_cvr.jpg 350w, https:\/\/christianendres.de\/wp-content\/uploads\/2021\/03\/spektrum_4_21_cvr-225x300.jpg 225w\" sizes=\"(max-width: 266px) 100vw, 266px\" \/><\/a><figcaption id=\"caption-attachment-2142\" class=\"wp-caption-text\">Spektrum der Wissenschaft #4\/2021, 20. M\u00e4rz 2021<\/figcaption><\/figure>\n<p>In Heft #4\/2021 des Magazins&nbsp;<a href=\"https:\/\/www.spektrum.de\/inhaltsverzeichnis\/was-ist-ein-teilchen-spektrum-der-wissenschaft-april-2021\/1789703\" target=\"_blank\" rel=\"noopener\">\u00bbSpektrum der Wissenschaft\u00ab<\/a>, das am&nbsp;20. M\u00e4rz gedruckt und digital erscheint,&nbsp;ist meine Science-Fiction-Kurzgeschichte <a href=\"https:\/\/www.spektrum.de\/magazin\/wer-hat-angst-vorm-boesen-w-lf\/1838797\" target=\"_blank\" rel=\"noopener\">\u00bbWer hat Angst vorm b\u00f6sen W@lf\u00ab<\/a> enthalten.<\/p>\n<p>Die Story verkn\u00fcpft&nbsp;die R\u00fcckkehr der W\u00f6lfe nach Deutschland mit vielen menschlichen Eigenschaften, Macken und Problemen, angefangen bei unserem gedankenlosen Umgang mit Elektronikschrott oder bei unserem gerne mal arroganten Verhalten gegen\u00fcber der Natur, was nie ohne Folgen bleibt, und zwar f\u00fcr keinen&nbsp;der Beteiligten.<\/p>\n<p><a href=\"https:\/\/www.spektrum.de\/magazin\/wer-hat-angst-vorm-boesen-w-lf\/1838797\" target=\"_blank\" rel=\"noopener\">Auf der Spektrum-Homepage<\/a>&nbsp;k\u00f6nnt ihr&nbsp;\u00bbWer hat Angst vorm b\u00f6sen W@lf\u00ab <a href=\"https:\/\/www.spektrum.de\/pdf\/096-097-sdw-202104-pdf\/1845355\" target=\"_blank\" rel=\"noopener\">\u00fcbrigens kostenlos als PDF downloaden<\/a>.<\/p>\n<p>Ich schreibe meine SF-Kurzgeschichten&nbsp;oft so, dass sie \u00fcberall auf der Welt angesiedelt sein k\u00f6nnten \u2013 diesmal ist jedoch&nbsp;explizit Deutschland das&nbsp;Setting, um das&nbsp;\u00bbSchlagzeilen-Thema\u00ab \u00fcber die Wiederausbreitung der W\u00f6lfe in der Republik zu verarbeiten. Erst letzte Woche wurde ja wieder \u00fcber einen \u00bbProblemwolf\u00ab&nbsp;hier in good old Germany berichtet &#8230;<\/p>\n<figure id=\"attachment_2143\" aria-describedby=\"caption-attachment-2143\" style=\"width: 536px\" class=\"wp-caption aligncenter\"><a href=\"https:\/\/christianendres.de\/wp-content\/uploads\/2021\/03\/SdW4-21_wolf_splash.jpg\"><img loading=\"lazy\" class=\" wp-image-2143\" src=\"https:\/\/christianendres.de\/wp-content\/uploads\/2021\/03\/SdW4-21_wolf_splash.jpg\" alt=\"\u00bbWer hat Angst vorm b\u00f6sen W@lf\u00ab in Spektrum der Wissenschaft 4\/2021\" width=\"536\" height=\"357\" srcset=\"https:\/\/christianendres.de\/wp-content\/uploads\/2021\/03\/SdW4-21_wolf_splash.jpg 709w, https:\/\/christianendres.de\/wp-content\/uploads\/2021\/03\/SdW4-21_wolf_splash-300x200.jpg 300w\" sizes=\"(max-width: 536px) 100vw, 536px\" \/><\/a><figcaption id=\"caption-attachment-2143\" class=\"wp-caption-text\">\u00bbWer hat Angst vorm b\u00f6sen W@lf\u00ab in Spektrum der Wissenschaft 4\/2021<\/figcaption><\/figure>\n<p>Noch eine kleine&nbsp;Anekdote zu dieser Ver\u00f6ffentlichung, die mit meinem Werdegang zu tun hat: Als ich vor 12, 13 Jahren noch hauptberuflich als Medienoperator arbeitete, war&nbsp;<a href=\"https:\/\/www.spektrum.de\/inhaltsverzeichnis\/was-ist-ein-teilchen-spektrum-der-wissenschaft-april-2021\/1789703\" target=\"_blank\" rel=\"noopener\">\u00bbSpektrum der Wissenschaft\u00ab<\/a>&nbsp;unter den Zeitschriften-Objekten, die wir in der Firma betreuten und druckten. Die digitalen Druckdaten&nbsp;bzw. die papiernen Blaupausen des Wissenschafts-Magazins geh\u00f6rten wegen der Beitr\u00e4ge \u00fcber Arch\u00e4ologie, Forschung und einiges mehr&nbsp;immer zu den interessanteren Jobs beim Ausschie\u00dfen am Rechner oder beim Erstellen des Dummys am Falztisch \u2013 da hat man dann schon mal kurz in den einen oder anderen Artikel reingelesen, wenn die Zeit es erlaubte. Jetzt selbst mit einem Beitrag\/einer Story in&nbsp;\u00bbSpektrum\u00ab vertreten&nbsp;zu sein, ist mal wieder einer dieser viel zitierten Kreise, die sich schlie\u00dfen. Das ist mir vor Jahren schon einmal gelungen, witzigerweise mit einem Artikel im Bergsteigermagazin&nbsp;\u00bbClimb\u00ab.<\/p>\n","protected":false},"excerpt":{"rendered":"<div class=\"mh-excerpt\"><p>In Heft #4\/2021 des Magazins&nbsp;\u00bbSpektrum der Wissenschaft\u00ab, das am&nbsp;20. M\u00e4rz gedruckt und digital erscheint,&nbsp;ist meine Science-Fiction-Kurzgeschichte \u00bbWer hat Angst vorm b\u00f6sen W@lf\u00ab enthalten. Die Story verkn\u00fcpft&nbsp;die R\u00fcckkehr der W\u00f6lfe nach Deutschland mit vielen menschlichen Eigenschaften, <a class=\"mh-excerpt-more\" href=\"https:\/\/christianendres.de\/?p=2141\" title=\"Erschienen: Spektrum der Wissenschaft 4\/2021 mit meiner Story \u00bbWer hat Angst vorm b\u00f6sen W@lf?\u00ab\">[&#8230;]<\/a><\/p>\n<\/div>","protected":false},"author":1,"featured_media":0,"comment_status":"closed","ping_status":"open","sticky":false,"template":"","format":"standard","meta":[],"categories":[29,66],"tags":[],"_links":{"self":[{"href":"https:\/\/christianendres.de\/index.php?rest_route=\/wp\/v2\/posts\/2141"}],"collection":[{"href":"https:\/\/christianendres.de\/index.php?rest_route=\/wp\/v2\/posts"}],"about":[{"href":"https:\/\/christianendres.de\/index.php?rest_route=\/wp\/v2\/types\/post"}],"author":[{"embeddable":true,"href":"https:\/\/christianendres.de\/index.php?rest_route=\/wp\/v2\/users\/1"}],"replies":[{"embeddable":true,"href":"https:\/\/christianendres.de\/index.php?rest_route=%2Fwp%2Fv2%2Fcomments&post=2141"}],"version-history":[{"count":22,"href":"https:\/\/christianendres.de\/index.php?rest_route=\/wp\/v2\/posts\/2141\/revisions"}],"predecessor-version":[{"id":3486,"href":"https:\/\/christianendres.de\/index.php?rest_route=\/wp\/v2\/posts\/2141\/revisions\/3486"}],"wp:attachment":[{"href":"https:\/\/christianendres.de\/index.php?rest_route=%2Fwp%2Fv2%2Fmedia&parent=2141"}],"wp:term":[{"taxonomy":"category","embeddable":true,"href":"https:\/\/christianendres.de\/index.php?rest_route=%2Fwp%2Fv2%2Fcategories&post=2141"},{"taxonomy":"post_tag","embeddable":true,"href":"https:\/\/christianendres.de\/index.php?rest_route=%2Fwp%2Fv2%2Ftags&post=2141"}],"curies":[{"name":"wp","href":"https:\/\/api.w.org\/{rel}","templated":true}]}}