{"id":1846,"date":"2020-09-18T10:36:25","date_gmt":"2020-09-18T08:36:25","guid":{"rendered":"http:\/\/christianendres.com\/?p=1846"},"modified":"2022-06-19T11:18:54","modified_gmt":"2022-06-19T09:18:54","slug":"erschienen-fahrenheit-145-erde-im-fieber-15-elstercon","status":"publish","type":"post","link":"https:\/\/christianendres.de\/?p=1846","title":{"rendered":"Erschienen: Fahrenheit 145 &#8211; Erde im Fieber (15. Elstercon)"},"content":{"rendered":"<figure id=\"attachment_1849\" aria-describedby=\"caption-attachment-1849\" style=\"width: 169px\" class=\"wp-caption alignright\"><a href=\"https:\/\/christianendres.de\/wp-content\/uploads\/2020\/09\/elstercon_flyer.jpg\"><img loading=\"lazy\" class=\" wp-image-1849\" src=\"https:\/\/christianendres.de\/wp-content\/uploads\/2020\/09\/elstercon_flyer.jpg\" alt=\"Elstercon 2020: Flyer\" width=\"169\" height=\"237\"><\/a><figcaption id=\"caption-attachment-1849\" class=\"wp-caption-text\">Elstercon 2020: Flyer<\/figcaption><\/figure>\n<p>Dieses Wochenende findet in Leipzig der <a href=\"http:\/\/www.fksfl.de\/page129\/index.html\" target=\"_blank\" rel=\"noopener\">Elstercon 2020<\/a> statt \u2013 wegen Corona nat\u00fcrlich v\u00f6llig anders als urspr\u00fcnglich gedacht und klar <a href=\"https:\/\/www.fksfl.de\/page129\/page140\/index.html\">im Schatten der Pandemie<\/a>.<\/p>\n<p>Ausl\u00e4ndische G\u00e4ste&nbsp;wie Jasper Fforde und Martha Wells haben deshalb auch ihre Teilnahme abgesagt, trotzdem findet sich einiges an einheimischer Genre-Prominenz in Leipzig ein.<\/p>\n<p>Im <a href=\"http:\/\/www.fksfl.de\/page70\/contact-form-2\/index.php\" target=\"_blank\" rel=\"noopener\">Con-Buch&nbsp;\u00bbFahrenheit 145 \u2013 Erde im Fieber\u00ab<\/a> zum Thema Klimawandel (er bleibt uns trotz Corona erhalten, keine Sorge) sind&nbsp;meine Interviews mit Fforde und Wells abgedruckt, die ich urspr\u00fcnglich mal f\u00fcr Heyne &amp; <a href=\"https:\/\/diezukunft.de\" target=\"_blank\" rel=\"noopener\">diezukunft.de<\/a> gef\u00fchrt habe. Den Band gibt&#8217;s als Paperback und limitiertes Hardcover.<\/p>\n<p>Au\u00dferdem ist&nbsp;meine SF-Kurzgeschichte&nbsp;\u00bbEs sollte nicht so einfach sein, oder?\u00ab im Buch, in der ich mal richtig einen auf oldschool gemacht habe.<\/p>\n<p>Eher \u00fcberschaubare 5.000 Zeichen sind nicht meine typische Story-Distanz (das sind eher 10K oder 20K), aber auch das war Teil des Reizes und des Spa\u00dfes, und au\u00dferdem: \u00d6fter mal was Neues. Selbst wenn oldschool.<\/p>\n<p>Punchline: Reptilienartige Aliens in der Erdumlaufbahn, die eine Langzeit-Langstreckenwaffe checken.<\/p>\n<figure id=\"attachment_1847\" aria-describedby=\"caption-attachment-1847\" style=\"width: 552px\" class=\"wp-caption aligncenter\"><a href=\"https:\/\/christianendres.de\/wp-content\/uploads\/2020\/09\/fahrenheit145.jpg\"><img loading=\"lazy\" class=\" wp-image-1847\" src=\"https:\/\/christianendres.de\/wp-content\/uploads\/2020\/09\/fahrenheit145.jpg\" alt=\"Das Buch zum Elstercon 2020: Fahrenheit 145\" width=\"552\" height=\"372\" srcset=\"https:\/\/christianendres.de\/wp-content\/uploads\/2020\/09\/fahrenheit145.jpg 700w, https:\/\/christianendres.de\/wp-content\/uploads\/2020\/09\/fahrenheit145-300x202.jpg 300w\" sizes=\"(max-width: 552px) 100vw, 552px\" \/><\/a><figcaption id=\"caption-attachment-1847\" class=\"wp-caption-text\">Umschlagbild: Das Buch zum Elstercon 2020: Fahrenheit 145 (Abb.: Mario Franke)<\/figcaption><\/figure>\n","protected":false},"excerpt":{"rendered":"<div class=\"mh-excerpt\"><p>Dieses Wochenende findet in Leipzig der Elstercon 2020 statt \u2013 wegen Corona nat\u00fcrlich v\u00f6llig anders als urspr\u00fcnglich gedacht und klar im Schatten der Pandemie. Ausl\u00e4ndische G\u00e4ste&nbsp;wie Jasper Fforde und Martha Wells haben deshalb auch ihre <a class=\"mh-excerpt-more\" href=\"https:\/\/christianendres.de\/?p=1846\" title=\"Erschienen: Fahrenheit 145 &#8211; Erde im Fieber (15. Elstercon)\">[&#8230;]<\/a><\/p>\n<\/div>","protected":false},"author":1,"featured_media":0,"comment_status":"closed","ping_status":"open","sticky":false,"template":"","format":"standard","meta":[],"categories":[29,8,59],"tags":[],"_links":{"self":[{"href":"https:\/\/christianendres.de\/index.php?rest_route=\/wp\/v2\/posts\/1846"}],"collection":[{"href":"https:\/\/christianendres.de\/index.php?rest_route=\/wp\/v2\/posts"}],"about":[{"href":"https:\/\/christianendres.de\/index.php?rest_route=\/wp\/v2\/types\/post"}],"author":[{"embeddable":true,"href":"https:\/\/christianendres.de\/index.php?rest_route=\/wp\/v2\/users\/1"}],"replies":[{"embeddable":true,"href":"https:\/\/christianendres.de\/index.php?rest_route=%2Fwp%2Fv2%2Fcomments&post=1846"}],"version-history":[{"count":15,"href":"https:\/\/christianendres.de\/index.php?rest_route=\/wp\/v2\/posts\/1846\/revisions"}],"predecessor-version":[{"id":3501,"href":"https:\/\/christianendres.de\/index.php?rest_route=\/wp\/v2\/posts\/1846\/revisions\/3501"}],"wp:attachment":[{"href":"https:\/\/christianendres.de\/index.php?rest_route=%2Fwp%2Fv2%2Fmedia&parent=1846"}],"wp:term":[{"taxonomy":"category","embeddable":true,"href":"https:\/\/christianendres.de\/index.php?rest_route=%2Fwp%2Fv2%2Fcategories&post=1846"},{"taxonomy":"post_tag","embeddable":true,"href":"https:\/\/christianendres.de\/index.php?rest_route=%2Fwp%2Fv2%2Ftags&post=1846"}],"curies":[{"name":"wp","href":"https:\/\/api.w.org\/{rel}","templated":true}]}}