{"id":1708,"date":"2020-06-19T16:26:26","date_gmt":"2020-06-19T14:26:26","guid":{"rendered":"http:\/\/christianendres.com\/?p=1708"},"modified":"2020-06-19T16:49:59","modified_gmt":"2020-06-19T14:49:59","slug":"goodbye-zitty","status":"publish","type":"post","link":"https:\/\/christianendres.de\/?p=1708","title":{"rendered":"Goodbye, zitty!"},"content":{"rendered":"<p>Ich habe schon seit einigen Jahren nichts mehr f\u00fcr das Berliner Stadtmagazin <em>zitty<\/em> geschrieben und \u00bbnur\u00ab noch\u00a0im anderen, zuletzt freilich\u00a0gar nicht mehr so weit entfernten Hauptstadtmagazin\u00a0<em>Tip<\/em> ver\u00f6ffentlicht \u2013 aber nat\u00fcrlich hat die alte Dame\u00a0immer einen besonderen Platz\u00a0in meinem Autorenherzen und kenne ich ein paar Leute da, weshalb die Meldung\u00a0\u00fcber die\u00a0<a href=\"https:\/\/www.tagesspiegel.de\/berlin\/aus-fuer-berliner-stadtmagazin-die-zitty-wird-eingestellt\/25932662.html\" target=\"_blank\">Einstellung<\/a> (bzw. \u00fcber den Dornr\u00f6schenschlaf) der <em>zitty<\/em>\u00a0nach 40+ Jahren doch irgendwie trifft und traurig macht.<\/p>\n<p>Als grasgr\u00fcner, blutjunger Schreiberling habe ich in der\u00a0<em>zitty<\/em> zwischen 2007 und 2014 \u2013 unter strenger Aufsicht von Spartenredakteur und Jedimeister\u00a0Lutz\u00a0G\u00f6llner \u2013 viele meiner ersten professionellen Texte\u00a0ver\u00f6ffentlicht (nicht wenige davon\u00a0noch in einer Zeit, da\u00a0die Selbstst\u00e4ndigkeit als Autor lediglich ein Traum war, das Schreiben nur nebenbei zum Brotjob lief). Damals entstanden massig\u00a0Buch- und Comic-Rezensionen und ein paar Artikel f\u00fcr die Literaturseiten, sp\u00e4ter kamen\u00a0reichlich Besprechungen sowie\u00a0Kurzinterviews f\u00fcr die Comic-Seite und selbst einige Texte\u00a0f\u00fcr die Familien\/Kinder-Seite\u00a0hinzu.<\/p>\n<p>Im Literaturbereich\u00a0haben wir\u00a0uns den Nerd manchmal schon voll raush\u00e4ngen lassen und Werke von\u00a0George R. R. Martin, Ray Bradbury, Stephen King, Peter S. Beagle, Joe Hill, Audrey Niffenegger und Richard Matheson, aber auch Comics wie\u00a0<em>Conan<\/em> und <em>Fables<\/em> zelebriert.\u00a0Die beiden zuletzt genannten\u00a0sogar noch vor der Schaffung einer eigenen, regelm\u00e4\u00dfigen Comic-Seite, f\u00fcr\u00a0die Lutz das\u00a0kolumnenhafte Format des\u00a01-Frage-Interviews etablierte \u2013 es war immer ein besonderer Kick,\u00a0passende, spannende Leute und knackige 1-Frage\/Antworten-Beitr\u00e4ge zu generieren.<\/p>\n<p>Mach&#8217;s gut, und danke f\u00fcr den Fisch, <em>zitty<\/em>!<\/p>\n","protected":false},"excerpt":{"rendered":"<div class=\"mh-excerpt\"><p>Ich habe schon seit einigen Jahren nichts mehr f\u00fcr das Berliner Stadtmagazin zitty geschrieben und \u00bbnur\u00ab noch\u00a0im anderen, zuletzt freilich\u00a0gar nicht mehr so weit entfernten Hauptstadtmagazin\u00a0Tip ver\u00f6ffentlicht \u2013 aber nat\u00fcrlich hat die alte Dame\u00a0immer einen <a class=\"mh-excerpt-more\" href=\"https:\/\/christianendres.de\/?p=1708\" title=\"Goodbye, zitty!\">[&#8230;]<\/a><\/p>\n<\/div>","protected":false},"author":1,"featured_media":0,"comment_status":"closed","ping_status":"open","sticky":false,"template":"","format":"standard","meta":[],"categories":[56,57],"tags":[],"_links":{"self":[{"href":"https:\/\/christianendres.de\/index.php?rest_route=\/wp\/v2\/posts\/1708"}],"collection":[{"href":"https:\/\/christianendres.de\/index.php?rest_route=\/wp\/v2\/posts"}],"about":[{"href":"https:\/\/christianendres.de\/index.php?rest_route=\/wp\/v2\/types\/post"}],"author":[{"embeddable":true,"href":"https:\/\/christianendres.de\/index.php?rest_route=\/wp\/v2\/users\/1"}],"replies":[{"embeddable":true,"href":"https:\/\/christianendres.de\/index.php?rest_route=%2Fwp%2Fv2%2Fcomments&post=1708"}],"version-history":[{"count":13,"href":"https:\/\/christianendres.de\/index.php?rest_route=\/wp\/v2\/posts\/1708\/revisions"}],"predecessor-version":[{"id":1722,"href":"https:\/\/christianendres.de\/index.php?rest_route=\/wp\/v2\/posts\/1708\/revisions\/1722"}],"wp:attachment":[{"href":"https:\/\/christianendres.de\/index.php?rest_route=%2Fwp%2Fv2%2Fmedia&parent=1708"}],"wp:term":[{"taxonomy":"category","embeddable":true,"href":"https:\/\/christianendres.de\/index.php?rest_route=%2Fwp%2Fv2%2Fcategories&post=1708"},{"taxonomy":"post_tag","embeddable":true,"href":"https:\/\/christianendres.de\/index.php?rest_route=%2Fwp%2Fv2%2Ftags&post=1708"}],"curies":[{"name":"wp","href":"https:\/\/api.w.org\/{rel}","templated":true}]}}