{"id":1451,"date":"2019-07-18T22:01:55","date_gmt":"2019-07-18T20:01:55","guid":{"rendered":"http:\/\/christianendres.com\/?p=1451"},"modified":"2022-06-19T11:28:00","modified_gmt":"2022-06-19T09:28:00","slug":"erschienen-phantastisch-75","status":"publish","type":"post","link":"https:\/\/christianendres.de\/?p=1451","title":{"rendered":"Erschienen: phantastisch! #75"},"content":{"rendered":"<figure id=\"attachment_1452\" aria-describedby=\"caption-attachment-1452\" style=\"width: 246px\" class=\"wp-caption alignright\"><a href=\"https:\/\/christianendres.de\/wp-content\/uploads\/2019\/07\/p75.jpg\"><img loading=\"lazy\" class=\" wp-image-1452\" src=\"https:\/\/christianendres.de\/wp-content\/uploads\/2019\/07\/p75.jpg\" alt=\"phantastisch! #75, Atlantis 2019\" width=\"246\" height=\"348\" srcset=\"https:\/\/christianendres.de\/wp-content\/uploads\/2019\/07\/p75.jpg 300w, https:\/\/christianendres.de\/wp-content\/uploads\/2019\/07\/p75-212x300.jpg 212w\" sizes=\"(max-width: 246px) 100vw, 246px\" \/><\/a><figcaption id=\"caption-attachment-1452\" class=\"wp-caption-text\">phantastisch! #75, Atlantis 2019<\/figcaption><\/figure>\n<p>Die Jubil\u00e4umsausgabe <a href=\"http:\/\/phantastisch.net\/aktuell.htm\" target=\"_blank\" rel=\"noopener\">phantastisch! #75<\/a> ist erschienen.<\/p>\n<p>Hinter dem mal wieder&nbsp;ganz tollen Wrap-Around-Cover von <a href=\"http:\/\/michaelvogt.com\" target=\"_blank\" rel=\"noopener\">Michael \u00bbEin seltsamer Tag\u00ab Vogt<\/a> verbirgt sich eine besonders sch\u00f6ne, runde und vielseitige Ausgabe, wenn ich&nbsp;das mal so sagen darf. Well done, Klaus B.!<\/p>\n<p>Von mir stammt neben zwei Interviews diesmal obendrein die Kurzgeschichte:<\/p>\n<p>\u00bbIm Dienst der Legenden\u00ab geht in Richtung Hommage-, Pastiche- und Crossover-Literatur, ein bisschen wie die Storys in&nbsp;\u00bbSherlock Holmes und das Uhrwerk des Todes\u00ab, aber zugleich doch v\u00f6llig anders, sowohl stilistisch als auch inhaltlich und von der Bandbreite her, wie ich meine.<\/p>\n<p>Ich w\u00fcrde mir gern einreden, dass die Story gut zu so einer Jubelnummer eines fantastischen Genre-Magazins passt, aber das sollen letztlich besser&nbsp;andere entscheiden.<\/p>\n<p>Es ist&nbsp;jedenfalls eine dieser Geschichten, von denen man am Morgen garantiert noch nicht wei\u00df, dass man ihre&nbsp;Erstfassung irgendwann sp\u00e4t am Abend bis in die Nacht am Macbook runterschreiben w\u00fcrde, in so einer ganz speziellen&nbsp;Atmosph\u00e4re und mit dieser ganz bestimmten Zielstrebigkeit und Besessenheit (der noch etwas sp\u00e4ter in der Nacht ein paar nicht weniger obsessive Einf\u00e4lle und Erg\u00e4nzungen \u2013 f\u00fcr die n\u00e4chste Fassung am folgenden Tag \u2013 auf dem Block folgen, der mit dem Bleistift immer auf dem Nachttisch bereit liegt).<\/p>\n<figure id=\"attachment_1453\" aria-describedby=\"caption-attachment-1453\" style=\"width: 529px\" class=\"wp-caption aligncenter\"><a href=\"https:\/\/christianendres.de\/wp-content\/uploads\/2019\/07\/p75_story_legenden.jpg\"><img loading=\"lazy\" class=\" wp-image-1453\" src=\"https:\/\/christianendres.de\/wp-content\/uploads\/2019\/07\/p75_story_legenden.jpg\" alt=\"Eine neue Kurzgeschichte in phantastisch! #75: Im Dienst der Legenden\" width=\"529\" height=\"373\" srcset=\"https:\/\/christianendres.de\/wp-content\/uploads\/2019\/07\/p75_story_legenden.jpg 650w, https:\/\/christianendres.de\/wp-content\/uploads\/2019\/07\/p75_story_legenden-300x211.jpg 300w\" sizes=\"(max-width: 529px) 100vw, 529px\" \/><\/a><figcaption id=\"caption-attachment-1453\" class=\"wp-caption-text\">Eine neue Kurzgeschichte in phantastisch! #75: Im Dienst der Legenden<\/figcaption><\/figure>\n<p>Die&nbsp;Story inspirierte in recht kurzer Zeit sogar&nbsp;noch zwei weitere Geschichten, die formal in eine \u00e4hnliche Richtung gehen, jedoch v\u00f6llig andere Themen und Sujets bedienen \u2013 die Science-Fiction-Variante ist bereits&nbsp;auf einem ganz guten Weg, in der Zukunft ver\u00f6ffentlicht zu werden, die kulinarische Weird Fiction-Variation habe ich&nbsp;noch nirgends angeboten. We will see.<\/p>\n<p>Jetzt sind erst mal die Legenden drau\u00dfen &#8230;<\/p>\n","protected":false},"excerpt":{"rendered":"<div class=\"mh-excerpt\"><p>Die Jubil\u00e4umsausgabe phantastisch! #75 ist erschienen. Hinter dem mal wieder&nbsp;ganz tollen Wrap-Around-Cover von Michael \u00bbEin seltsamer Tag\u00ab Vogt verbirgt sich eine besonders sch\u00f6ne, runde und vielseitige Ausgabe, wenn ich&nbsp;das mal so sagen darf. Well done, <a class=\"mh-excerpt-more\" href=\"https:\/\/christianendres.de\/?p=1451\" title=\"Erschienen: phantastisch! #75\">[&#8230;]<\/a><\/p>\n<\/div>","protected":false},"author":1,"featured_media":0,"comment_status":"closed","ping_status":"open","sticky":false,"template":"","format":"standard","meta":[],"categories":[29,36,4],"tags":[],"_links":{"self":[{"href":"https:\/\/christianendres.de\/index.php?rest_route=\/wp\/v2\/posts\/1451"}],"collection":[{"href":"https:\/\/christianendres.de\/index.php?rest_route=\/wp\/v2\/posts"}],"about":[{"href":"https:\/\/christianendres.de\/index.php?rest_route=\/wp\/v2\/types\/post"}],"author":[{"embeddable":true,"href":"https:\/\/christianendres.de\/index.php?rest_route=\/wp\/v2\/users\/1"}],"replies":[{"embeddable":true,"href":"https:\/\/christianendres.de\/index.php?rest_route=%2Fwp%2Fv2%2Fcomments&post=1451"}],"version-history":[{"count":19,"href":"https:\/\/christianendres.de\/index.php?rest_route=\/wp\/v2\/posts\/1451\/revisions"}],"predecessor-version":[{"id":3527,"href":"https:\/\/christianendres.de\/index.php?rest_route=\/wp\/v2\/posts\/1451\/revisions\/3527"}],"wp:attachment":[{"href":"https:\/\/christianendres.de\/index.php?rest_route=%2Fwp%2Fv2%2Fmedia&parent=1451"}],"wp:term":[{"taxonomy":"category","embeddable":true,"href":"https:\/\/christianendres.de\/index.php?rest_route=%2Fwp%2Fv2%2Fcategories&post=1451"},{"taxonomy":"post_tag","embeddable":true,"href":"https:\/\/christianendres.de\/index.php?rest_route=%2Fwp%2Fv2%2Ftags&post=1451"}],"curies":[{"name":"wp","href":"https:\/\/api.w.org\/{rel}","templated":true}]}}