{"id":1433,"date":"2019-06-02T16:02:00","date_gmt":"2019-06-02T14:02:00","guid":{"rendered":"http:\/\/christianendres.com\/?p=1433"},"modified":"2022-06-19T11:28:26","modified_gmt":"2022-06-19T09:28:26","slug":"die-koenigin-der-schwarzen-kueste","status":"publish","type":"post","link":"https:\/\/christianendres.de\/?p=1433","title":{"rendered":"Die K\u00f6nigin der Schwarzen K\u00fcste"},"content":{"rendered":"<figure id=\"attachment_1435\" aria-describedby=\"caption-attachment-1435\" style=\"width: 195px\" class=\"wp-caption alignright\"><a href=\"https:\/\/christianendres.de\/wp-content\/uploads\/2019\/06\/belit1_var.jpg\"><img loading=\"lazy\" class=\"size-full wp-image-1435\" src=\"https:\/\/christianendres.de\/wp-content\/uploads\/2019\/06\/belit1_var.jpg\" alt=\"Age of Conan: Belit 1 Variant, Marvel 2019\" width=\"195\" height=\"300\"><\/a><figcaption id=\"caption-attachment-1435\" class=\"wp-caption-text\">Age of Conan: Belit 1 Variant, Marvel 2019<\/figcaption><\/figure>\n<p>Neben mir stapeln sich mal wieder diverse B\u00fccher und Comics \u00fcber und mit Conan.<\/p>\n<p>Das hei\u00dft: Ich sitze an Redaktionstexten f\u00fcr neue Conan-Bildergeschichten bei Panini, Crom!<\/p>\n<p>Diesmal geht es um&nbsp;B\u00ealit und&nbsp;<em>Die K\u00f6nigin der Schwarzen K\u00fcste<\/em>, eine der besten und ber\u00fchmtesten Original-Erz\u00e4hlungen von Robert E. Howard, mit einer ganz fortschrittlichen und ungew\u00f6hnlich emanzipierten und starken Frauenfigur f\u00fcr damalige Fantasy-Verh\u00e4ltnisse, die ungebrochen anziehend, faszinierend und gro\u00dfartig ist.<\/p>\n<p>Die Texte, die aus der Recherche und, noch mehr, der ewigen Begeisterung f\u00fcr die Piratin aus Conans Leben und Herzen destilliert werden, sind f\u00fcr die deutschsprachige Ausgabe von&nbsp;<em>Age of Conan:&nbsp;B\u00ealit<\/em>, worin&nbsp;B\u00ealits Origin erz\u00e4hlt wird.&nbsp;Und irgendjemand muss den Menschen ja von mexikanischen <em>Piraten<\/em>-Comics mit einem blonden Cimmerier, dem Marvel-Epos der 70er von Roy Thomas, John Buscema und Co. und der coolen modernen Adaption von Brian Wood, Becky Cloonan und Riccardo Burchielli erz\u00e4hlen, oder?<\/p>\n<p>Die US-Cover der Miniserie, die auf Deutsch direkt als&nbsp;Sammelband herauskommen wird im Herbst, stammen von der Japanerin Sana&nbsp;\u00bbMonstress\u00ab Takeda, es gibt aber z. B. auch ein sensationelles Variantcover vom Franzosen&nbsp;Olivier&nbsp;\u00bbNuork\u00ab Vatine.<\/p>\n<p>Ach, manchmal ist es schon sch\u00f6n, ein Fanboy zu sein &#8230;<\/p>\n","protected":false},"excerpt":{"rendered":"<div class=\"mh-excerpt\"><p>Neben mir stapeln sich mal wieder diverse B\u00fccher und Comics \u00fcber und mit Conan. Das hei\u00dft: Ich sitze an Redaktionstexten f\u00fcr neue Conan-Bildergeschichten bei Panini, Crom! Diesmal geht es um&nbsp;B\u00ealit und&nbsp;Die K\u00f6nigin der Schwarzen K\u00fcste, <a class=\"mh-excerpt-more\" href=\"https:\/\/christianendres.de\/?p=1433\" title=\"Die K\u00f6nigin der Schwarzen K\u00fcste\">[&#8230;]<\/a><\/p>\n<\/div>","protected":false},"author":1,"featured_media":0,"comment_status":"closed","ping_status":"open","sticky":false,"template":"","format":"standard","meta":[],"categories":[9],"tags":[],"_links":{"self":[{"href":"https:\/\/christianendres.de\/index.php?rest_route=\/wp\/v2\/posts\/1433"}],"collection":[{"href":"https:\/\/christianendres.de\/index.php?rest_route=\/wp\/v2\/posts"}],"about":[{"href":"https:\/\/christianendres.de\/index.php?rest_route=\/wp\/v2\/types\/post"}],"author":[{"embeddable":true,"href":"https:\/\/christianendres.de\/index.php?rest_route=\/wp\/v2\/users\/1"}],"replies":[{"embeddable":true,"href":"https:\/\/christianendres.de\/index.php?rest_route=%2Fwp%2Fv2%2Fcomments&post=1433"}],"version-history":[{"count":15,"href":"https:\/\/christianendres.de\/index.php?rest_route=\/wp\/v2\/posts\/1433\/revisions"}],"predecessor-version":[{"id":3528,"href":"https:\/\/christianendres.de\/index.php?rest_route=\/wp\/v2\/posts\/1433\/revisions\/3528"}],"wp:attachment":[{"href":"https:\/\/christianendres.de\/index.php?rest_route=%2Fwp%2Fv2%2Fmedia&parent=1433"}],"wp:term":[{"taxonomy":"category","embeddable":true,"href":"https:\/\/christianendres.de\/index.php?rest_route=%2Fwp%2Fv2%2Fcategories&post=1433"},{"taxonomy":"post_tag","embeddable":true,"href":"https:\/\/christianendres.de\/index.php?rest_route=%2Fwp%2Fv2%2Ftags&post=1433"}],"curies":[{"name":"wp","href":"https:\/\/api.w.org\/{rel}","templated":true}]}}