{"id":1020,"date":"2018-06-13T19:53:09","date_gmt":"2018-06-13T17:53:09","guid":{"rendered":"http:\/\/christianendres.com\/?p=1020"},"modified":"2022-06-19T11:37:33","modified_gmt":"2022-06-19T09:37:33","slug":"wednesday-comics-the-punisher-invades-the-nam","status":"publish","type":"post","link":"https:\/\/christianendres.de\/?p=1020","title":{"rendered":"Wednesday Comic: The Punisher Invades the \u2019Nam"},"content":{"rendered":"<p><em>Ich will meinen str\u00e4flich vernachl\u00e4ssigten Blog wiederbeleben. Keine Ahnung, ob ich es durchhalte und zeitlich hinkriege, aber der Plan ist, ein paar neue Rubriken einzuf\u00fchren und regelm\u00e4\u00dfig zu bef\u00fcllen. Mittwochs soll fortan immer einer der Comics drankommen, die ich k\u00fcrzlich aus privatem oder beruflichem Interesse gelesen habe. Mittwoch, der traditionelle Release-Day der Comic-Verlage in den Staaten, scheint mir der passende Tag zu sein f\u00fcr diese Texte &#8230;<\/em><\/p>\n<figure id=\"attachment_1021\" aria-describedby=\"caption-attachment-1021\" style=\"width: 200px\" class=\"wp-caption alignright\"><a href=\"https:\/\/christianendres.de\/wp-content\/uploads\/2018\/06\/punisher-nam.jpg\"><img loading=\"lazy\" class=\"size-full wp-image-1021\" src=\"https:\/\/christianendres.de\/wp-content\/uploads\/2018\/06\/punisher-nam.jpg\" alt=\"\u00bbPunisher Invades the 'Nam\u00ab, Marvel 2018\" width=\"200\" height=\"308\" srcset=\"https:\/\/christianendres.de\/wp-content\/uploads\/2018\/06\/punisher-nam.jpg 200w, https:\/\/christianendres.de\/wp-content\/uploads\/2018\/06\/punisher-nam-195x300.jpg 195w\" sizes=\"(max-width: 200px) 100vw, 200px\" \/><\/a><figcaption id=\"caption-attachment-1021\" class=\"wp-caption-text\">\u00bbPunisher Invades The &#8218;Nam\u00ab, Marvel 2018<\/figcaption><\/figure>\n<p><strong>Frank Castle in Vietnam<\/strong><\/p>\n<p>Garth Ennis war nicht der Erste, der Frank Castles Zeit als Soldat in Vietnam schilderte. Zwischen 1986 und 1993 widmete Marvel dem Vietnamkrieg eine eigene Comic-Serie, die sich ebenso unterhaltsam wie kritisch mit dem milit\u00e4rischen Desaster in S\u00fcdostastien ausandersetzte. Anfang der 90er schaute sogar der Punisher ein paar Mal als Protagonist in \u00bbThe \u2019Nam\u00ab vorbei, und die Kreativen zeigten u. a. Castles ersten Einsatz, sein intensives Duell mit einem Scharfsch\u00fctzen des Vietkong, seine Konflikte mit korrupten Offizieren und einen brutalen Kampf mit einem unmenschlichen Kriegsverbrecher.<\/p>\n<p>Die entsprechenden Storys schrieben u. a. Vietnam-Veteran Don Lomax und Punisher-Veteran Chuck Dixon. Letzterer lie\u00df die \u2019Nam-Geschichten schlie\u00dflich wenige Jahre sp\u00e4ter in die&nbsp;von ihm betreuten Soloserien des Bestrafers einflie\u00dfen \u2013&nbsp;u. a. auf einer Mission des Punishers und eines anderen dekorierten Soldaten aus \u00bbThe \u2019Nam\u00ab, die sich in den W\u00e4ldern der USA mit rechten Extremisten anlegen; und in einer&nbsp;S\u00fcdamerika-Mission mit Frank und dem Hacker Micro, die der legend\u00e4re Big John Buscema ph\u00e4nomenal gezeichnet hat.<\/p>\n<p><a href=\"https:\/\/comicstore.marvel.com\/Punisher-Invades-The-Nam\/digital-comic\/48031\" target=\"_blank\" rel=\"noopener\">\u00bbThe Punisher Invades The \u2019Nam\u00ab<\/a> ist ein 350 Seiten starker Sammelband f\u00fcr Fans von Marvels Punisher und von rei\u00dferischen, aber eben doch guten, nicht zu verkl\u00e4rten&nbsp;Kriegscomics. Ein wirklich cooles, handwerklich stets solide bis sehr gut gemachtes St\u00fcck Punisher- und Kriegscomic-Geschichte.<\/p>\n<p>Schade, dass \u00bbThe \u2019Nam\u00ab bisher nicht vollst\u00e4ndig in Trades vorliegt.<\/p>\n","protected":false},"excerpt":{"rendered":"<div class=\"mh-excerpt\"><p>Ich will meinen str\u00e4flich vernachl\u00e4ssigten Blog wiederbeleben. Keine Ahnung, ob ich es durchhalte und zeitlich hinkriege, aber der Plan ist, ein paar neue Rubriken einzuf\u00fchren und regelm\u00e4\u00dfig zu bef\u00fcllen. Mittwochs soll fortan immer einer der <a class=\"mh-excerpt-more\" href=\"https:\/\/christianendres.de\/?p=1020\" title=\"Wednesday Comic: The Punisher Invades the \u2019Nam\">[&#8230;]<\/a><\/p>\n<\/div>","protected":false},"author":1,"featured_media":0,"comment_status":"closed","ping_status":"open","sticky":false,"template":"","format":"standard","meta":[],"categories":[9,10,39],"tags":[],"_links":{"self":[{"href":"https:\/\/christianendres.de\/index.php?rest_route=\/wp\/v2\/posts\/1020"}],"collection":[{"href":"https:\/\/christianendres.de\/index.php?rest_route=\/wp\/v2\/posts"}],"about":[{"href":"https:\/\/christianendres.de\/index.php?rest_route=\/wp\/v2\/types\/post"}],"author":[{"embeddable":true,"href":"https:\/\/christianendres.de\/index.php?rest_route=\/wp\/v2\/users\/1"}],"replies":[{"embeddable":true,"href":"https:\/\/christianendres.de\/index.php?rest_route=%2Fwp%2Fv2%2Fcomments&post=1020"}],"version-history":[{"count":14,"href":"https:\/\/christianendres.de\/index.php?rest_route=\/wp\/v2\/posts\/1020\/revisions"}],"predecessor-version":[{"id":3562,"href":"https:\/\/christianendres.de\/index.php?rest_route=\/wp\/v2\/posts\/1020\/revisions\/3562"}],"wp:attachment":[{"href":"https:\/\/christianendres.de\/index.php?rest_route=%2Fwp%2Fv2%2Fmedia&parent=1020"}],"wp:term":[{"taxonomy":"category","embeddable":true,"href":"https:\/\/christianendres.de\/index.php?rest_route=%2Fwp%2Fv2%2Fcategories&post=1020"},{"taxonomy":"post_tag","embeddable":true,"href":"https:\/\/christianendres.de\/index.php?rest_route=%2Fwp%2Fv2%2Ftags&post=1020"}],"curies":[{"name":"wp","href":"https:\/\/api.w.org\/{rel}","templated":true}]}}